{"id":6638,"date":"2015-07-30T20:42:26","date_gmt":"2015-07-31T00:42:26","guid":{"rendered":"https:\/\/ocorreionews.com.br\/?p=6638"},"modified":"2015-07-30T20:42:26","modified_gmt":"2015-07-31T00:42:26","slug":"vereadores-solicitam-instalacao-de-comarca-eleitoral-em-serranopolis","status":"publish","type":"post","link":"https:\/\/www.ocorreionews.com.br\/acervo-correio\/?p=6638","title":{"rendered":"Vereadores solicitam instala\u00e7\u00e3o de Comarca Eleitoral em Serran\u00f3polis"},"content":{"rendered":"<p style=\"text-align: justify;\">O Presidente da C\u00e2mara Municipal de Vereadores Marcos Ant\u00f4nio Navarini juntamente com o Vice Prefeito Alcides de S\u00e1 Soares (Cid\u00e3o), Chefe de Gabinete Francisco Ronildo Galdino e dos vereadores Walter Rosa (PP), Paulo S\u00e9rgio A de P\u00e1dua (PTB), estiveram em Jata\u00ed entregando of\u00edcio ao Presidente do TRE \u2013 Tribunal Regional Eleitoral em Jata\u00ed, solicitando a implanta\u00e7\u00e3o de uma nova Comarca Eleitoral em Serran\u00f3polis para atender os munic\u00edpios de Serran\u00f3polis e Chapad\u00e3o do C\u00e9u.<\/p>\n<p style=\"text-align: justify;\">O Of\u00edcio foi assinado pelo Prefeito de Chapad\u00e3o. C\u00e9u Rog\u00e9rio Graxa, Prefeito de Serran\u00f3polis Sidnei Pinheiro, Pres.C\u00e2mara Chapad\u00e3o. C\u00e9u Marcos Navarini, Pres. C\u00e2mara Serran\u00f3polis Ant\u00f4nio Pereira e o Juiz da Comarca Fernando Chacha.<\/p>\n<p style=\"text-align: justify;\">Assecom C\u00e2mara Municipal<\/p>\n","protected":false},"excerpt":{"rendered":"<p>O Presidente da C\u00e2mara Municipal de Vereadores Marcos Ant\u00f4nio Navarini juntamente com o Vice Prefeito Alcides de S\u00e1 Soares (Cid\u00e3o), Chefe de Gabinete Francisco Ronildo Galdino e dos vereadores Walter Rosa (PP), Paulo S\u00e9rgio A de P\u00e1dua (PTB), estiveram em Jata\u00ed entregando of\u00edcio ao Presidente do TRE \u2013 Tribunal Regional Eleitoral em Jata\u00ed, solicitando a [&hellip;]<\/p>\n","protected":false},"author":4,"featured_media":6639,"comment_status":"closed","ping_status":"closed","sticky":false,"template":"","format":"standard","meta":{"footnotes":""},"categories":[22],"tags":[],"class_list":["post-6638","post","type-post","status-publish","format-standard","has-post-thumbnail","hentry","category-chapadao-do-ceu"],"_links":{"self":[{"href":"https:\/\/www.ocorreionews.com.br\/acervo-correio\/index.php?rest_route=\/wp\/v2\/posts\/6638","targetHints":{"allow":["GET"]}}],"collection":[{"href":"https:\/\/www.ocorreionews.com.br\/acervo-correio\/index.php?rest_route=\/wp\/v2\/posts"}],"about":[{"href":"https:\/\/www.ocorreionews.com.br\/acervo-correio\/index.php?rest_route=\/wp\/v2\/types\/post"}],"author":[{"embeddable":true,"href":"https:\/\/www.ocorreionews.com.br\/acervo-correio\/index.php?rest_route=\/wp\/v2\/users\/4"}],"replies":[{"embeddable":true,"href":"https:\/\/www.ocorreionews.com.br\/acervo-correio\/index.php?rest_route=%2Fwp%2Fv2%2Fcomments&post=6638"}],"version-history":[{"count":0,"href":"https:\/\/www.ocorreionews.com.br\/acervo-correio\/index.php?rest_route=\/wp\/v2\/posts\/6638\/revisions"}],"wp:featuredmedia":[{"embeddable":true,"href":"https:\/\/www.ocorreionews.com.br\/acervo-correio\/index.php?rest_route=\/wp\/v2\/media\/6639"}],"wp:attachment":[{"href":"https:\/\/www.ocorreionews.com.br\/acervo-correio\/index.php?rest_route=%2Fwp%2Fv2%2Fmedia&parent=6638"}],"wp:term":[{"taxonomy":"category","embeddable":true,"href":"https:\/\/www.ocorreionews.com.br\/acervo-correio\/index.php?rest_route=%2Fwp%2Fv2%2Fcategories&post=6638"},{"taxonomy":"post_tag","embeddable":true,"href":"https:\/\/www.ocorreionews.com.br\/acervo-correio\/index.php?rest_route=%2Fwp%2Fv2%2Ftags&post=6638"}],"curies":[{"name":"wp","href":"https:\/\/api.w.org\/{rel}","templated":true}]}}