{"id":6716,"date":"2015-08-01T07:01:36","date_gmt":"2015-08-01T11:01:36","guid":{"rendered":"https:\/\/ocorreionews.com.br\/?p=6716"},"modified":"2015-08-01T07:01:36","modified_gmt":"2015-08-01T11:01:36","slug":"chapadao-do-ceu-foi-selecionado-para-participar-do-31-congresso-nacional-de-secretarias-municipais-de-saude","status":"publish","type":"post","link":"https:\/\/www.ocorreionews.com.br\/acervo-correio\/?p=6716","title":{"rendered":"Chapad\u00e3o do C\u00e9u foi selecionado para participar do 31\u00b0 Congresso Nacional de Secretarias Municipais de Sa\u00fade"},"content":{"rendered":"<p style=\"text-align: justify;\">Dia 05 a 08 de agosto, estar\u00e1 acontecendo em Bras\u00edlia o 31\u00b0 Congresso Nacional de Secretarias Municipais de Sa\u00fade; e o Munic\u00edpio de Chapad\u00e3o do C\u00e9u foi selecionado para apresentar experi\u00eancias de trabalhos desenvolvidos no \u00e2mbito do Sistema \u00danico de Sa\u00fade. O Munic\u00edpio ser\u00e1 representado pela Secret\u00e1ria Ver\u00f4nica Savatini<\/p>\n<p style=\"text-align: justify;\">Entre os munic\u00edpios Goianos, que s\u00e3o no total de 246, Chapad\u00e3o do C\u00e9u ficou selecionado entre as 4 (quatro) cidades do Estado, que desenvolveram projetos relevantes a universalidade do atendimento \u00e0 Sa\u00fade com a\u00e7\u00f5es preventivas e de orienta\u00e7\u00e3o em todas as \u00e1reas de atua\u00e7\u00e3o da secretaria Municipal de Sa\u00fade.<\/p>\n<p style=\"text-align: justify;\">\u00a0Isso demonstra o compromisso da atual administra\u00e7\u00e3o em desenvolver uma Sa\u00fade Publica de qualidade e consequentemente ser refer\u00eancia no estado.<\/p>\n","protected":false},"excerpt":{"rendered":"<p>Dia 05 a 08 de agosto, estar\u00e1 acontecendo em Bras\u00edlia o 31\u00b0 Congresso Nacional de Secretarias Municipais de Sa\u00fade; e o Munic\u00edpio de Chapad\u00e3o do C\u00e9u foi selecionado para apresentar experi\u00eancias de trabalhos desenvolvidos no \u00e2mbito do Sistema \u00danico de Sa\u00fade. O Munic\u00edpio ser\u00e1 representado pela Secret\u00e1ria Ver\u00f4nica Savatini Entre os munic\u00edpios Goianos, que s\u00e3o [&hellip;]<\/p>\n","protected":false},"author":4,"featured_media":6717,"comment_status":"closed","ping_status":"closed","sticky":false,"template":"","format":"standard","meta":{"footnotes":""},"categories":[22],"tags":[],"class_list":["post-6716","post","type-post","status-publish","format-standard","has-post-thumbnail","hentry","category-chapadao-do-ceu"],"_links":{"self":[{"href":"https:\/\/www.ocorreionews.com.br\/acervo-correio\/index.php?rest_route=\/wp\/v2\/posts\/6716","targetHints":{"allow":["GET"]}}],"collection":[{"href":"https:\/\/www.ocorreionews.com.br\/acervo-correio\/index.php?rest_route=\/wp\/v2\/posts"}],"about":[{"href":"https:\/\/www.ocorreionews.com.br\/acervo-correio\/index.php?rest_route=\/wp\/v2\/types\/post"}],"author":[{"embeddable":true,"href":"https:\/\/www.ocorreionews.com.br\/acervo-correio\/index.php?rest_route=\/wp\/v2\/users\/4"}],"replies":[{"embeddable":true,"href":"https:\/\/www.ocorreionews.com.br\/acervo-correio\/index.php?rest_route=%2Fwp%2Fv2%2Fcomments&post=6716"}],"version-history":[{"count":0,"href":"https:\/\/www.ocorreionews.com.br\/acervo-correio\/index.php?rest_route=\/wp\/v2\/posts\/6716\/revisions"}],"wp:featuredmedia":[{"embeddable":true,"href":"https:\/\/www.ocorreionews.com.br\/acervo-correio\/index.php?rest_route=\/wp\/v2\/media\/6717"}],"wp:attachment":[{"href":"https:\/\/www.ocorreionews.com.br\/acervo-correio\/index.php?rest_route=%2Fwp%2Fv2%2Fmedia&parent=6716"}],"wp:term":[{"taxonomy":"category","embeddable":true,"href":"https:\/\/www.ocorreionews.com.br\/acervo-correio\/index.php?rest_route=%2Fwp%2Fv2%2Fcategories&post=6716"},{"taxonomy":"post_tag","embeddable":true,"href":"https:\/\/www.ocorreionews.com.br\/acervo-correio\/index.php?rest_route=%2Fwp%2Fv2%2Ftags&post=6716"}],"curies":[{"name":"wp","href":"https:\/\/api.w.org\/{rel}","templated":true}]}}