{"id":6719,"date":"2015-08-01T07:10:07","date_gmt":"2015-08-01T11:10:07","guid":{"rendered":"https:\/\/ocorreionews.com.br\/?p=6719"},"modified":"2015-08-01T07:10:07","modified_gmt":"2015-08-01T11:10:07","slug":"comeca-hoje-em-paraiso-das-aguas-a-festa-de-sao-joao-maria-vianney","status":"publish","type":"post","link":"https:\/\/www.ocorreionews.com.br\/acervo-correio\/?p=6719","title":{"rendered":"Come\u00e7a Hoje em Paraiso das Aguas a festa de S\u00e3o Jo\u00e3o Maria Vianney"},"content":{"rendered":"<p><em><span style=\"font-family: helvetica; font-size: small;\">A comunidade Cat\u00f3lica de Para\u00edso das \u00c1guas promove a Festa de S\u00e3o Jo\u00e3o Maria Vianney, com a programa\u00e7\u00e3o iniciando neste s\u00e1bado (1\u00ba). Confira:<\/span><\/em><\/p>\n<div><span style=\"font-family: helvetica; font-size: small;\">\u00a0<\/span><\/div>\n<div><b><span style=\"font-family: helvetica; font-size: small;\">S\u00e1bado (01\/08)<\/span><\/b><\/div>\n<div><span style=\"font-family: helvetica; font-size: small;\">-19h &#8211; Santa Missa na igreja Matriz<\/span><\/div>\n<div><span style=\"font-family: helvetica; font-size: small;\">-Quermesse com show da dupla Dener e Matheus<\/span><\/div>\n<div><span style=\"font-family: helvetica; font-size: small;\">Organiza\u00e7\u00e3o: Comunidade Nossa Senhora de F\u00e1tima (Bela Alvorada)<\/span><\/div>\n<div><span style=\"font-family: helvetica; font-size: small;\">\u00a0<\/span><\/div>\n<div><b><span style=\"font-family: helvetica; font-size: small;\">Domingo (02\/08)<\/span><\/b><\/div>\n<div><span style=\"font-family: helvetica; font-size: small;\">-10h &#8211; Santa Missa na igreja Matriz<\/span><\/div>\n<div><span style=\"font-family: helvetica; font-size: small;\">-Delicioso almo\u00e7o dan\u00e7ante com churrasco<\/span><\/div>\n<div><span style=\"font-family: helvetica; font-size: small;\">-Show com a dupla Dener e Matheus e Filhos da Terra<\/span><\/div>\n<div><span style=\"font-family: helvetica; font-size: small;\">Organiza\u00e7\u00e3o: Comunidade da igreja Matriz<\/span><\/div>\n<div><span style=\"font-family: helvetica; font-size: small;\">\u00a0<\/span><\/div>\n<div><b><span style=\"font-family: helvetica; font-size: small;\">Segunda-feira(03\/08)<\/span><\/b><\/div>\n<div>\n<div><span style=\"font-family: helvetica; font-size: small;\">-19h &#8211; Santa Missa na igreja Matriz<\/span><\/div>\n<div><span style=\"font-family: helvetica; font-size: small;\">-Quermesse com show da dupla Dener e Matheus<\/span><\/div>\n<div><span style=\"font-family: helvetica; font-size: small;\">Organiza\u00e7\u00e3o: Comunidade Nossa Senhora Abadia (Pouso Alto)<\/span><\/div>\n<\/div>\n<div><span style=\"font-family: helvetica; font-size: small;\">\u00a0<\/span><\/div>\n<div><span style=\"font-family: helvetica; font-size: small;\"><b>Ter\u00e7a-feira(04\/08)<\/b><\/span><\/div>\n<div>\n<div><span style=\"font-family: helvetica; font-size: small;\">-19h &#8211; Santa Missa na igreja Matriz<\/span><\/div>\n<div><span style=\"font-family: helvetica; font-size: small;\">-Quermesse com show da dupla Dener e Matheus<\/span><\/div>\n<div><span style=\"font-family: helvetica; font-size: small;\">Organiza\u00e7\u00e3o: Comunidade S\u00e3o Jo\u00e3o Batista (INCRA) e Santo Ant\u00f4nio (Fazenda Kirei)<\/span><\/div>\n<\/div>\n","protected":false},"excerpt":{"rendered":"<p>A comunidade Cat\u00f3lica de Para\u00edso das \u00c1guas promove a Festa de S\u00e3o Jo\u00e3o Maria Vianney, com a programa\u00e7\u00e3o iniciando neste s\u00e1bado (1\u00ba). Confira: \u00a0 S\u00e1bado (01\/08) -19h &#8211; Santa Missa na igreja Matriz -Quermesse com show da dupla Dener e Matheus Organiza\u00e7\u00e3o: Comunidade Nossa Senhora de F\u00e1tima (Bela Alvorada) \u00a0 Domingo (02\/08) -10h &#8211; Santa [&hellip;]<\/p>\n","protected":false},"author":4,"featured_media":6720,"comment_status":"closed","ping_status":"closed","sticky":false,"template":"","format":"standard","meta":{"footnotes":""},"categories":[36],"tags":[],"class_list":["post-6719","post","type-post","status-publish","format-standard","has-post-thumbnail","hentry","category-paraiso-das-aguas"],"_links":{"self":[{"href":"https:\/\/www.ocorreionews.com.br\/acervo-correio\/index.php?rest_route=\/wp\/v2\/posts\/6719","targetHints":{"allow":["GET"]}}],"collection":[{"href":"https:\/\/www.ocorreionews.com.br\/acervo-correio\/index.php?rest_route=\/wp\/v2\/posts"}],"about":[{"href":"https:\/\/www.ocorreionews.com.br\/acervo-correio\/index.php?rest_route=\/wp\/v2\/types\/post"}],"author":[{"embeddable":true,"href":"https:\/\/www.ocorreionews.com.br\/acervo-correio\/index.php?rest_route=\/wp\/v2\/users\/4"}],"replies":[{"embeddable":true,"href":"https:\/\/www.ocorreionews.com.br\/acervo-correio\/index.php?rest_route=%2Fwp%2Fv2%2Fcomments&post=6719"}],"version-history":[{"count":0,"href":"https:\/\/www.ocorreionews.com.br\/acervo-correio\/index.php?rest_route=\/wp\/v2\/posts\/6719\/revisions"}],"wp:featuredmedia":[{"embeddable":true,"href":"https:\/\/www.ocorreionews.com.br\/acervo-correio\/index.php?rest_route=\/wp\/v2\/media\/6720"}],"wp:attachment":[{"href":"https:\/\/www.ocorreionews.com.br\/acervo-correio\/index.php?rest_route=%2Fwp%2Fv2%2Fmedia&parent=6719"}],"wp:term":[{"taxonomy":"category","embeddable":true,"href":"https:\/\/www.ocorreionews.com.br\/acervo-correio\/index.php?rest_route=%2Fwp%2Fv2%2Fcategories&post=6719"},{"taxonomy":"post_tag","embeddable":true,"href":"https:\/\/www.ocorreionews.com.br\/acervo-correio\/index.php?rest_route=%2Fwp%2Fv2%2Ftags&post=6719"}],"curies":[{"name":"wp","href":"https:\/\/api.w.org\/{rel}","templated":true}]}}