{"id":6752,"date":"2015-08-01T15:15:11","date_gmt":"2015-08-01T19:15:11","guid":{"rendered":"https:\/\/ocorreionews.com.br\/?p=6752"},"modified":"2015-08-01T15:15:11","modified_gmt":"2015-08-01T19:15:11","slug":"pauta-da-1070a-sessao-ordinaria-do-dia-03-de-agosto-de-2015","status":"publish","type":"post","link":"https:\/\/www.ocorreionews.com.br\/acervo-correio\/?p=6752","title":{"rendered":"Pauta da 1070\u00aa Sess\u00e3o Ordin\u00e1ria do dia 03 de agosto de 2015"},"content":{"rendered":"<p align=\"center\"><strong>EXPEDIENTE DE VEREADORES<\/strong><\/p>\n<p align=\"center\"><strong>\u00a0<\/strong><\/p>\n<p><strong>PROJETO DE RESOLU\u00c7\u00c3O N\u00ba 06\/2015 \u2013 VER. S\u00d4NIA MARAN<\/strong><\/p>\n<p class=\"Corpodetexto211\">Institui o Programa C\u00e2mara Itinerante no Munic\u00edpio de Chapad\u00e3o do Sul \u2013 MS.<\/p>\n<p><strong>\u00a0<\/strong><\/p>\n<p><strong>REQUERIMENTO N\u00ba 289\/2015 \u2013 VER. TEACHER WAGNER e VER. ROSEMARI CRUZ<\/strong><\/p>\n<p>REQUEIRO \u00e0 Mesa, na forma regimental e depois de ouvido o Douto Plen\u00e1rio de Delibera\u00e7\u00f5es, o envio de expediente ao Prefeito Municipal, Luiz Felipe Barreto de Magalh\u00e3es, solicitando as seguintes informa\u00e7\u00f5es:<\/p>\n<p>1-\u00a0\u00a0\u00a0 Porque at\u00e9 o momento n\u00e3o foi criado o Conselho Municipal da Juventude? Uma vez que j\u00e1 existe Lei espec\u00edfica para cria\u00e7\u00e3o do mesmo, LEI N\u00ba 617\/2007;<\/p>\n<p>2-\u00a0\u00a0\u00a0 \u00a0Existe previs\u00e3o para da cria\u00e7\u00e3o do referido Conselho?<\/p>\n<p>Demais informa\u00e7\u00f5es que julgarem necess\u00e1rias.<\/p>\n<p><strong>\u00a0<\/strong><\/p>\n<p><strong>REQUERIMENTO N\u00ba 290\/2015 \u2013 VER. ALIRIO BACCA<\/strong><\/p>\n<p>REQUEIRO \u00e0 Mesa, na forma regimental e depois de ouvido o Douto Plen\u00e1rio de Delibera\u00e7\u00f5es, o envio de expediente ao Prefeito Municipal, Luiz Felipe Barreto de Magalh\u00e3es, solicitando informa\u00e7\u00f5es acerca do andamento e funcionamento do Conselho Municipal da Cidade.<\/p>\n<p>1-\u00a0\u00a0\u00a0 O Conselho Municipal da Cidade j\u00e1 est\u00e1 em plena atividade?<\/p>\n<p>2-\u00a0\u00a0\u00a0 \u00a0J\u00e1 foi realizada elei\u00e7\u00e3o para composi\u00e7\u00e3o da diretoria do referido Conselho?<\/p>\n<p>Demais informa\u00e7\u00f5es que julgarem necess\u00e1rias.<\/p>\n<p>&nbsp;<\/p>\n<p><strong>INDICA\u00c7\u00c3O N\u00ba 598\/2015 \u2013 VER. S\u00d4NIA MARAN<\/strong><\/p>\n<p>INDICO \u00e0 Mesa, na forma regimental, e depois de ouvido o Douto Plen\u00e1rio de Delibera\u00e7\u00f5es, o envio de expediente ao Prefeito Municipal, Luiz Felipe Barreto de Magalh\u00e3es, com c\u00f3pia ao Secret\u00e1rio de Obras, Transportes e Servi\u00e7os P\u00fablicos, Jos\u00e9 Humberto Freitas, solicitando opera\u00e7\u00e3o \u201ctapa buracos\u201d na Avenida Seis com a Rua Dezessete, no Centro de nosso Munic\u00edpio.<\/p>\n<p>&nbsp;<\/p>\n<p><strong>INDICA\u00c7\u00c3O N\u00ba 599\/2015 \u2013 VER. ELTON SILVA<\/strong><\/p>\n<p>INDICO \u00e0 Mesa, na forma regimental, e depois de ouvido o Douto Plen\u00e1rio de Delibera\u00e7\u00f5es, o envio de expediente ao Prefeito Municipal, Luiz Felipe Barreto de Magalh\u00e3es, com c\u00f3pia ao Secret\u00e1rio de Obras, Transportes e Servi\u00e7os P\u00fablicos, Jos\u00e9 Humberto Freitas, solicitando a instala\u00e7\u00e3o de Guard Rail, em toda extens\u00e3o da Avenida Trinta e Tr\u00eas.\u00a0Refor\u00e7ando a Indica\u00e7\u00e3o n\u00ba 157\/2013, de minha autoria.<\/p>\n<p><strong>INDICA\u00c7\u00c3O N\u00ba 600\/2015 \u2013 VER. ELTON SILVA<\/strong><\/p>\n<p>INDICO \u00e0 Mesa, na forma regimental, e depois de ouvido o Douto Plen\u00e1rio de Delibera\u00e7\u00f5es, o envio de expediente ao Prefeito Municipal, Luiz Felipe Barreto de Magalh\u00e3es, com c\u00f3pia ao Secret\u00e1rio de Obras, Transportes e Servi\u00e7os P\u00fablicos, Jos\u00e9 Humberto Freitas, solicitando ilumina\u00e7\u00e3o p\u00fablica e instala\u00e7\u00e3o de lixeiras na quadra em frente ao F\u00f3rum.<\/p>\n<p><strong>INDICA\u00c7\u00c3O N\u00ba 601\/2015 &#8211;<\/strong> <strong>VER. ELTON SILVA<\/strong><\/p>\n<p>INDICO \u00e0 Mesa, na forma regimental, e depois de ouvido o Douto Plen\u00e1rio de Delibera\u00e7\u00f5es, o envio de expediente ao Prefeito Municipal, Luiz Felipe Barreto de Magalh\u00e3es, sugerindo que a estrada que liga Chapad\u00e3o do Sul a UFMS, Universidade Federal de Mato Grosso do Sul, ganhe o nome de Pedro Pedrossian.<\/p>\n<p><strong>MO\u00c7\u00c3O DE CONGRATULA\u00c7\u00c3O N\u00ba 106\/2015 \u2013 VER. S\u00d4NIA MARAN<\/strong><\/p>\n<p>A Vereadora S\u00f4nia Maran, da C\u00e2mara Municipal de Chapad\u00e3o do Sul que esta subscreve, dispensadas as formalidades regimentais, encaminha MO\u00c7\u00c3O DE CONGRATULA\u00c7\u00c3O, ao Superintendente Regional do DNIT no Estado do MS, Thiago Carim Buckerem, em agradecimento a opera\u00e7\u00e3o \u201ctapa buracos\u201d realizada na BR 060, que liga Chapad\u00e3o do Sul ao Munic\u00edpio de Camapu\u00e3; e este at\u00e9 a BR 163.<\/p>\n<p>&nbsp;<\/p>\n<p>&nbsp;<\/p>\n<p align=\"center\">SECRETARIA DAS SESS\u00d5ES, 31 DE JULHO DE 2015.<\/p>\n<p align=\"center\">Nat\u00e1lia da Silva Leal Scheer,<\/p>\n<p align=\"center\">Diretora de Atividade Parlamentar.<\/p>\n<p>&nbsp;<\/p>\n","protected":false},"excerpt":{"rendered":"<p>EXPEDIENTE DE VEREADORES \u00a0 PROJETO DE RESOLU\u00c7\u00c3O N\u00ba 06\/2015 \u2013 VER. S\u00d4NIA MARAN Institui o Programa C\u00e2mara Itinerante no Munic\u00edpio de Chapad\u00e3o do Sul \u2013 MS. \u00a0 REQUERIMENTO N\u00ba 289\/2015 \u2013 VER. TEACHER WAGNER e VER. ROSEMARI CRUZ REQUEIRO \u00e0 Mesa, na forma regimental e depois de ouvido o Douto Plen\u00e1rio de Delibera\u00e7\u00f5es, o envio [&hellip;]<\/p>\n","protected":false},"author":4,"featured_media":519,"comment_status":"closed","ping_status":"closed","sticky":false,"template":"","format":"standard","meta":{"footnotes":""},"categories":[20],"tags":[],"class_list":["post-6752","post","type-post","status-publish","format-standard","has-post-thumbnail","hentry","category-camara-municipal"],"_links":{"self":[{"href":"https:\/\/www.ocorreionews.com.br\/acervo-correio\/index.php?rest_route=\/wp\/v2\/posts\/6752","targetHints":{"allow":["GET"]}}],"collection":[{"href":"https:\/\/www.ocorreionews.com.br\/acervo-correio\/index.php?rest_route=\/wp\/v2\/posts"}],"about":[{"href":"https:\/\/www.ocorreionews.com.br\/acervo-correio\/index.php?rest_route=\/wp\/v2\/types\/post"}],"author":[{"embeddable":true,"href":"https:\/\/www.ocorreionews.com.br\/acervo-correio\/index.php?rest_route=\/wp\/v2\/users\/4"}],"replies":[{"embeddable":true,"href":"https:\/\/www.ocorreionews.com.br\/acervo-correio\/index.php?rest_route=%2Fwp%2Fv2%2Fcomments&post=6752"}],"version-history":[{"count":0,"href":"https:\/\/www.ocorreionews.com.br\/acervo-correio\/index.php?rest_route=\/wp\/v2\/posts\/6752\/revisions"}],"wp:featuredmedia":[{"embeddable":true,"href":"https:\/\/www.ocorreionews.com.br\/acervo-correio\/index.php?rest_route=\/wp\/v2\/media\/519"}],"wp:attachment":[{"href":"https:\/\/www.ocorreionews.com.br\/acervo-correio\/index.php?rest_route=%2Fwp%2Fv2%2Fmedia&parent=6752"}],"wp:term":[{"taxonomy":"category","embeddable":true,"href":"https:\/\/www.ocorreionews.com.br\/acervo-correio\/index.php?rest_route=%2Fwp%2Fv2%2Fcategories&post=6752"},{"taxonomy":"post_tag","embeddable":true,"href":"https:\/\/www.ocorreionews.com.br\/acervo-correio\/index.php?rest_route=%2Fwp%2Fv2%2Ftags&post=6752"}],"curies":[{"name":"wp","href":"https:\/\/api.w.org\/{rel}","templated":true}]}}