{"id":6754,"date":"2015-08-01T15:18:06","date_gmt":"2015-08-01T19:18:06","guid":{"rendered":"https:\/\/ocorreionews.com.br\/?p=6754"},"modified":"2015-08-01T15:20:38","modified_gmt":"2015-08-01T19:20:38","slug":"inaugurada-a-radio-fm-879-de-paraiso-das-aguas","status":"publish","type":"post","link":"https:\/\/www.ocorreionews.com.br\/acervo-correio\/?p=6754","title":{"rendered":"Inaugurada a  r\u00e1dio FM 87,9 de Paraiso das Aguas"},"content":{"rendered":"<p>Os mun\u00edcipes da cidade de Para\u00edso das Aguas, conquistaram neste dia 1\u00ba de agosto, mais um benef\u00edcio no setor de comunica\u00e7\u00e3o, com a inaugura\u00e7\u00e3o 87,9, FM Para\u00edso operando em sistema comunit\u00e1rios.<\/p>\n<p>Uma grande festa ocorre durante todo o dia em comemora\u00e7\u00e3o da entrada no ar da FM 87,9. Um palco foi montado na principal avenida da cidade, com a presen\u00e7a de autoridades municipais, ente elas o prefeito municipal Ivan Pereira, o presidente da Associa\u00e7\u00e3o e diretor da r\u00e1dio Bim e toda a equipe que ajudaram no projeto da cria\u00e7\u00e3o da r\u00e1dio.<\/p>\n<p><span style=\"color: #ff0000;\"><strong><a style=\"color: #ff0000;\" href=\"https:\/\/ocorreionews.com.br\/2015\/08\/01\/flagrantes-da-inauguracao-da-fm-de-paraiso-das-aguas\/\">VEJA MAIS FOTOS<\/a><\/strong> <\/span><\/p>\n<p>Comando pelo locutor Fernando de Brito, o prefeito municipal Ivan Pereira e o presidente da r\u00e1dio, o empres\u00e1rio Bim, acionaram o plug-in do transmissor que colocou em definitivo a r\u00e1dio no ar.<\/p>\n<p>Ap\u00f3s, ocorreu a apresenta\u00e7\u00e3o da Banda Municipal de Para\u00edso, discursos de autoridades, churrasco na avenida e durante todo dia a at\u00e9 a noite shows de pr\u00eamios e apresenta\u00e7\u00f5es dos cantores da prata da casa.<\/p>\n<p>Para entrar no ar a diretoria teve que travar m batalha que durou 10 anos desde do in\u00edcio da sua concess\u00e3o. Mas, nesta data, entrou no ar mais um canal de comunica\u00e7\u00e3o para os Paraisenses. Ficando faltando apenas agora o sinal de Celular.<\/p>\n","protected":false},"excerpt":{"rendered":"<p>Os mun\u00edcipes da cidade de Para\u00edso das Aguas, conquistaram neste dia 1\u00ba de agosto, mais um benef\u00edcio no setor de comunica\u00e7\u00e3o, com a inaugura\u00e7\u00e3o 87,9, FM Para\u00edso operando em sistema comunit\u00e1rios. Uma grande festa ocorre durante todo o dia em comemora\u00e7\u00e3o da entrada no ar da FM 87,9. Um palco foi montado na principal avenida [&hellip;]<\/p>\n","protected":false},"author":4,"featured_media":6745,"comment_status":"closed","ping_status":"closed","sticky":false,"template":"","format":"standard","meta":{"footnotes":""},"categories":[36],"tags":[],"class_list":["post-6754","post","type-post","status-publish","format-standard","has-post-thumbnail","hentry","category-paraiso-das-aguas"],"_links":{"self":[{"href":"https:\/\/www.ocorreionews.com.br\/acervo-correio\/index.php?rest_route=\/wp\/v2\/posts\/6754","targetHints":{"allow":["GET"]}}],"collection":[{"href":"https:\/\/www.ocorreionews.com.br\/acervo-correio\/index.php?rest_route=\/wp\/v2\/posts"}],"about":[{"href":"https:\/\/www.ocorreionews.com.br\/acervo-correio\/index.php?rest_route=\/wp\/v2\/types\/post"}],"author":[{"embeddable":true,"href":"https:\/\/www.ocorreionews.com.br\/acervo-correio\/index.php?rest_route=\/wp\/v2\/users\/4"}],"replies":[{"embeddable":true,"href":"https:\/\/www.ocorreionews.com.br\/acervo-correio\/index.php?rest_route=%2Fwp%2Fv2%2Fcomments&post=6754"}],"version-history":[{"count":0,"href":"https:\/\/www.ocorreionews.com.br\/acervo-correio\/index.php?rest_route=\/wp\/v2\/posts\/6754\/revisions"}],"wp:featuredmedia":[{"embeddable":true,"href":"https:\/\/www.ocorreionews.com.br\/acervo-correio\/index.php?rest_route=\/wp\/v2\/media\/6745"}],"wp:attachment":[{"href":"https:\/\/www.ocorreionews.com.br\/acervo-correio\/index.php?rest_route=%2Fwp%2Fv2%2Fmedia&parent=6754"}],"wp:term":[{"taxonomy":"category","embeddable":true,"href":"https:\/\/www.ocorreionews.com.br\/acervo-correio\/index.php?rest_route=%2Fwp%2Fv2%2Fcategories&post=6754"},{"taxonomy":"post_tag","embeddable":true,"href":"https:\/\/www.ocorreionews.com.br\/acervo-correio\/index.php?rest_route=%2Fwp%2Fv2%2Ftags&post=6754"}],"curies":[{"name":"wp","href":"https:\/\/api.w.org\/{rel}","templated":true}]}}