{"id":6761,"date":"2015-08-02T07:21:04","date_gmt":"2015-08-02T11:21:04","guid":{"rendered":"https:\/\/ocorreionews.com.br\/?p=6761"},"modified":"2015-08-02T07:21:04","modified_gmt":"2015-08-02T11:21:04","slug":"mineiros-pc-identifica-e-prende-suspeitos-de-incendiar-oficina-de-motos","status":"publish","type":"post","link":"https:\/\/www.ocorreionews.com.br\/acervo-correio\/?p=6761","title":{"rendered":"Mineiros PC identifica e prende suspeitos de incendiar oficina de motos"},"content":{"rendered":"<p style=\"text-align: justify;\">Neste s\u00e1bado (01\/08), em uma a\u00e7\u00e3o r\u00e1pida de investiga\u00e7\u00e3o, o delegado J\u00falio C\u00e9sar Arana e os agentes Adriano Costa, Gustavo G\u00f3es, Marcos Gomes e Anderson Sarra da Pol\u00edcia Civil (PC) de Mineiros, identificou e prendeu quatro pessoas suspeitas de incendiar uma oficina de motos <strong><a href=\"http:\/\/www.eldorado790.com.br\/noticias\/item\/9594-mineiros-%7C-inc%C3%AAndio-destr%C3%B3i-oficina-de-motos-na-av-ant%C3%B4nio-carlos-paniago\" target=\"_blank\">(Clique aqui e relembre o caso)<\/a>.<\/strong><\/p>\n<p style=\"text-align: justify;\">\nDe acordo com o delegado J\u00falio C\u00e9sar, as imagens do sistema de seguran\u00e7a do pr\u00f3prio estabelecimento e de outros com\u00e9rcios nas proximidades, foram essenciais para identificar os suspeitos que foram presos e autuados em flagrante pelo crime de inc\u00eandio doloso, previsto no C\u00f3digo Penal. A pena para esse crime pode chegar at\u00e9 seis anos.<\/p>\n<p style=\"text-align: justify;\">\nAinda segundo J\u00falio C\u00e9sar, conforme apurado na investiga\u00e7\u00e3o da PC, a motiva\u00e7\u00e3o para incendiar o estabelecimento foi apenas por um ato de vandalismo. Inclusive outros tr\u00eas pontos de lixeiras da Avenida Ant\u00f4nio Carlos Paniago, foram alvos dos suspeitos identificados como <strong>Leonardo Carvalho Melquiedes<\/strong>, <strong>Douglas Eduardo dos Santos<\/strong>, <strong>Paulo Victor Brand\u00e3o Costa<\/strong> e <strong>Katia Pinto de Carvalho<\/strong>.<\/p>\n<p style=\"text-align: justify;\">\nA equipe de jornalismo da <strong>R\u00e1dio Eldorado<\/strong> conversou com o propriet\u00e1rio da oficina de motos, C\u00e9lio Marques de Carvalho, que ainda bastante abalado nos revelou apenas n\u00e3o saber o porqu\u00ea deste ato de vandalismo com o seu estabelecimento.<\/p>\n","protected":false},"excerpt":{"rendered":"<p>Neste s\u00e1bado (01\/08), em uma a\u00e7\u00e3o r\u00e1pida de investiga\u00e7\u00e3o, o delegado J\u00falio C\u00e9sar Arana e os agentes Adriano Costa, Gustavo G\u00f3es, Marcos Gomes e Anderson Sarra da Pol\u00edcia Civil (PC) de Mineiros, identificou e prendeu quatro pessoas suspeitas de incendiar uma oficina de motos (Clique aqui e relembre o caso). De acordo com o delegado [&hellip;]<\/p>\n","protected":false},"author":4,"featured_media":6762,"comment_status":"closed","ping_status":"closed","sticky":false,"template":"","format":"standard","meta":{"footnotes":""},"categories":[38],"tags":[],"class_list":["post-6761","post","type-post","status-publish","format-standard","has-post-thumbnail","hentry","category-policia"],"_links":{"self":[{"href":"https:\/\/www.ocorreionews.com.br\/acervo-correio\/index.php?rest_route=\/wp\/v2\/posts\/6761","targetHints":{"allow":["GET"]}}],"collection":[{"href":"https:\/\/www.ocorreionews.com.br\/acervo-correio\/index.php?rest_route=\/wp\/v2\/posts"}],"about":[{"href":"https:\/\/www.ocorreionews.com.br\/acervo-correio\/index.php?rest_route=\/wp\/v2\/types\/post"}],"author":[{"embeddable":true,"href":"https:\/\/www.ocorreionews.com.br\/acervo-correio\/index.php?rest_route=\/wp\/v2\/users\/4"}],"replies":[{"embeddable":true,"href":"https:\/\/www.ocorreionews.com.br\/acervo-correio\/index.php?rest_route=%2Fwp%2Fv2%2Fcomments&post=6761"}],"version-history":[{"count":0,"href":"https:\/\/www.ocorreionews.com.br\/acervo-correio\/index.php?rest_route=\/wp\/v2\/posts\/6761\/revisions"}],"wp:featuredmedia":[{"embeddable":true,"href":"https:\/\/www.ocorreionews.com.br\/acervo-correio\/index.php?rest_route=\/wp\/v2\/media\/6762"}],"wp:attachment":[{"href":"https:\/\/www.ocorreionews.com.br\/acervo-correio\/index.php?rest_route=%2Fwp%2Fv2%2Fmedia&parent=6761"}],"wp:term":[{"taxonomy":"category","embeddable":true,"href":"https:\/\/www.ocorreionews.com.br\/acervo-correio\/index.php?rest_route=%2Fwp%2Fv2%2Fcategories&post=6761"},{"taxonomy":"post_tag","embeddable":true,"href":"https:\/\/www.ocorreionews.com.br\/acervo-correio\/index.php?rest_route=%2Fwp%2Fv2%2Ftags&post=6761"}],"curies":[{"name":"wp","href":"https:\/\/api.w.org\/{rel}","templated":true}]}}