{"id":6764,"date":"2015-08-02T07:34:48","date_gmt":"2015-08-02T11:34:48","guid":{"rendered":"https:\/\/ocorreionews.com.br\/?p=6764"},"modified":"2015-08-02T07:34:48","modified_gmt":"2015-08-02T11:34:48","slug":"camara-abre-segundo-semestre-legislativo-nesta-segunda-feira","status":"publish","type":"post","link":"https:\/\/www.ocorreionews.com.br\/acervo-correio\/?p=6764","title":{"rendered":"C\u00e2mara abre segundo semestre legislativo nesta segunda-feira"},"content":{"rendered":"<p style=\"text-align: justify;\">A C\u00e2mara Municipal de Chapad\u00e3o do Sul abre nesta segunda-feira, dia 3 de agosto, o segundo semestre legislativo de 2015<\/p>\n<p style=\"text-align: justify;\">A primeira sess\u00e3o ap\u00f3s o recesso regimental do meio do ano est\u00e1 prevista para iniciar \u00e0s 19hs.<\/p>\n<p style=\"text-align: justify;\">A novidade da sess\u00e3o ser\u00e1 o retorno da vereadora T\u00e2nia Francini, no lugar do vereador Ilton Henrichesen. Ela que havia deixado o cargo no in\u00edcio do ano para assumir a secretaria de governo e volta agora, no momento conturbado para o prefeito, que enfrenta uma Comiss\u00e3o Processante. A vereadora com certeza ser\u00e1 uma \u00e1rdua defensora do acusado.<\/p>\n<p style=\"text-align: justify;\">A presidente da Casa de Leis, S\u00f4nia Maran (PR), confirmou que ap\u00f3s o recesso j\u00e1 ter\u00e1 mat\u00e9rias em pauta e pronunciamento dos vereadores na tribuna e muitas coisas novas surgiram ainda neste m\u00eas.<\/p>\n<p style=\"text-align: justify;\">\n","protected":false},"excerpt":{"rendered":"<p>A C\u00e2mara Municipal de Chapad\u00e3o do Sul abre nesta segunda-feira, dia 3 de agosto, o segundo semestre legislativo de 2015 A primeira sess\u00e3o ap\u00f3s o recesso regimental do meio do ano est\u00e1 prevista para iniciar \u00e0s 19hs. A novidade da sess\u00e3o ser\u00e1 o retorno da vereadora T\u00e2nia Francini, no lugar do vereador Ilton Henrichesen. Ela [&hellip;]<\/p>\n","protected":false},"author":4,"featured_media":6765,"comment_status":"closed","ping_status":"closed","sticky":false,"template":"","format":"standard","meta":{"footnotes":""},"categories":[20],"tags":[],"class_list":["post-6764","post","type-post","status-publish","format-standard","has-post-thumbnail","hentry","category-camara-municipal"],"_links":{"self":[{"href":"https:\/\/www.ocorreionews.com.br\/acervo-correio\/index.php?rest_route=\/wp\/v2\/posts\/6764","targetHints":{"allow":["GET"]}}],"collection":[{"href":"https:\/\/www.ocorreionews.com.br\/acervo-correio\/index.php?rest_route=\/wp\/v2\/posts"}],"about":[{"href":"https:\/\/www.ocorreionews.com.br\/acervo-correio\/index.php?rest_route=\/wp\/v2\/types\/post"}],"author":[{"embeddable":true,"href":"https:\/\/www.ocorreionews.com.br\/acervo-correio\/index.php?rest_route=\/wp\/v2\/users\/4"}],"replies":[{"embeddable":true,"href":"https:\/\/www.ocorreionews.com.br\/acervo-correio\/index.php?rest_route=%2Fwp%2Fv2%2Fcomments&post=6764"}],"version-history":[{"count":0,"href":"https:\/\/www.ocorreionews.com.br\/acervo-correio\/index.php?rest_route=\/wp\/v2\/posts\/6764\/revisions"}],"wp:featuredmedia":[{"embeddable":true,"href":"https:\/\/www.ocorreionews.com.br\/acervo-correio\/index.php?rest_route=\/wp\/v2\/media\/6765"}],"wp:attachment":[{"href":"https:\/\/www.ocorreionews.com.br\/acervo-correio\/index.php?rest_route=%2Fwp%2Fv2%2Fmedia&parent=6764"}],"wp:term":[{"taxonomy":"category","embeddable":true,"href":"https:\/\/www.ocorreionews.com.br\/acervo-correio\/index.php?rest_route=%2Fwp%2Fv2%2Fcategories&post=6764"},{"taxonomy":"post_tag","embeddable":true,"href":"https:\/\/www.ocorreionews.com.br\/acervo-correio\/index.php?rest_route=%2Fwp%2Fv2%2Ftags&post=6764"}],"curies":[{"name":"wp","href":"https:\/\/api.w.org\/{rel}","templated":true}]}}