{"id":6820,"date":"2015-08-03T12:07:16","date_gmt":"2015-08-03T16:07:16","guid":{"rendered":"https:\/\/ocorreionews.com.br\/?p=6820"},"modified":"2015-08-04T06:48:14","modified_gmt":"2015-08-04T10:48:14","slug":"comeca-na-proxima-quinta-feira-a-festa-do-santo-fujao-em-costa-rica","status":"publish","type":"post","link":"https:\/\/www.ocorreionews.com.br\/acervo-correio\/?p=6820","title":{"rendered":"Come\u00e7a na pr\u00f3xima quinta-feira a festa do Santo Fuj\u00e3o em Costa Rica"},"content":{"rendered":"<p style=\"text-align: justify;\">Uma das mais tradicionais festas religiosas do munic\u00edpio de Costa Rica, a festa do Senhor Bom Jesus, ter\u00e1 in\u00edcio nesta quinta-feira 06 e se encerra no domingo dia 09, no povoado da Capela.<\/p>\n<p style=\"text-align: justify;\">Esse ano ser\u00e1 a 78\u00aa edi\u00e7\u00e3o, que possui uma comiss\u00e3o organizadora e que pelo segundo ano consecutivo, ter\u00e1 o festeiro Ronaldo Felisbino e sua esposa, juntamente com o vereador Adair Tiago e a paroquia da cidade.<\/p>\n<p style=\"text-align: justify;\">A abertura dos festejos ser\u00e1 as 19 horas, com uma missa, logo ap\u00f3s, confraterniza\u00e7\u00e3o ser\u00e3o comercializadas v\u00e1rios tipos de comidas e bebidas e apresenta\u00e7\u00e3o Grupo Sociedade Brasileira.<\/p>\n<p style=\"text-align: justify;\">No s\u00e1bado haver\u00e1 missa as 19horas e baile dan\u00e7ante com o Grupo Sociedade Brasileira<\/p>\n<p style=\"text-align: justify;\">No domingo, a partir das 02hs00 ocorre a tradicional Caminhada da F\u00e9, com a sa\u00edda em frente \u00e0 Igreja Matriz na cidade, at\u00e9 o povoado da Lage.<\/p>\n<p style=\"text-align: justify;\">As 04hs00 da manh\u00e3, sair\u00e1 de frente ao Posto Avenida, a Cavalgada, onde mais de 50 cavaleiros e amazonas j\u00e1 est\u00e3o confirmados. A previs\u00e3o da chegada tanto da Caminhada como da Cavalgada \u00e9 as 09hsoo<br \/>\n<a href=\"https:\/\/ocorreionews.com.br\/wp-content\/uploads\/2015\/08\/santo2.jpg\"><img loading=\"lazy\" decoding=\"async\" class=\"alignnone size-full wp-image-6824\" src=\"https:\/\/ocorreionews.com.br\/wp-content\/uploads\/2015\/08\/santo2.jpg\" alt=\"santo2\" width=\"600\" height=\"355\" srcset=\"https:\/\/www.ocorreionews.com.br\/acervo-correio\/wp-content\/uploads\/2015\/08\/santo2.jpg 600w, https:\/\/www.ocorreionews.com.br\/acervo-correio\/wp-content\/uploads\/2015\/08\/santo2-300x178.jpg 300w\" sizes=\"auto, (max-width: 600px) 100vw, 600px\" \/><\/a><\/p>\n<p style=\"text-align: justify;\">Os organizadores, confirma que durante todo o percurso haver\u00e1 ambul\u00e2ncia acompanhado os participantes, 04 pontos de abastecimentos. Entre as 04 e 05 horas ser\u00e1 servido um caf\u00e9 da manh\u00e3 na fazenda dos irm\u00e3os Burgel. Na chegada do local da missa ser\u00e1 servido o caf\u00e9 da manh\u00e3 para os participantes.<\/p>\n<p style=\"text-align: justify;\">\u00c0s 10h acontecer\u00e1 uma Missa Sertaneja com a presen\u00e7a de um grupo de Alcin\u00f3polis e o Padre Fabr\u00edcio.<\/p>\n<p style=\"text-align: justify;\">Ap\u00f3s a missa, no evento ter\u00e1 um almo\u00e7o gratuito com churrasco e Leil\u00e3o de Gado, a organiza\u00e7\u00e3o do evento lembra a popula\u00e7\u00e3o de levar pratos e talheres.<\/p>\n<p style=\"text-align: justify;\">Ap\u00f3s o leil\u00e3o, haver\u00e1 um show de pr\u00eamios onde ser\u00e3o sorteados 1 moto, 1 bicicleta e 1 tanquinho de lavar roupa, as cartelas podem ser adquiridas na Par\u00f3quia Santo Ant\u00f4nio.<\/p>\n<p style=\"text-align: justify;\">De acordo com a hist\u00f3ria contada pelo padre Wilkinson Mendes, havia uma fam\u00edlia na cidade de Costa Rica e a imagem pertencia a essa fam\u00edlia. Eles moravam na regi\u00e3o da Capela. A esposa faleceu e o marido decidiu ir embora. Juntou suas coisas em carros de boi e foi embora.<\/p>\n<p style=\"text-align: justify;\">Na viagem caiu uma chuva pesada com muitos raios, sendo que um deles matou uma junta de boi. Ele entendeu que isso era um sinal para n\u00e3o sair da cidade.<\/p>\n<p style=\"text-align: justify;\">O homem ent\u00e3o voltou para a fazenda e construiu a capela colocando a imagem do santo. Por conta de ser uma capela particular, fora feita outra e todas as noites o santo fugia da capela nova para a capela antiga.<\/p>\n<p style=\"text-align: justify;\">A caminhada dos fi\u00e9is \u00e9 feita pelo caminho da f\u00e9 onde em diversos pontos da estrada tem capelinhas com imagem em azulejos ilustrando as esta\u00e7\u00f5es da via sacra.<\/p>\n<p style=\"text-align: justify;\">O padre Wilkinson explica que geralmente as pessoas fazem essa caminhada com algum prop\u00f3sito. Ou elas v\u00e3o para pedir uma gra\u00e7a, ou v\u00e3o para agradecer uma gra\u00e7a recebida. Ou at\u00e9 mesmo por devo\u00e7\u00e3o.<\/p>\n<p style=\"text-align: justify;\">O padre ainda afirma que \u00e9 uma caminhada muito conhecida pelo pa\u00eds: \u201cde todas as festas religiosas da cidade de Costa Rica essa seria a que mais as pessoas de outras regi\u00f5es t\u00eam conhecimento. Pessoas do interior de S\u00e3o Paulo, de Goi\u00e1s e de Minas Gerais, Mato Grosso v\u00eam n\u00e3o s\u00f3 pela caminhada, mas tamb\u00e9m pela festa e devo\u00e7\u00e3o\u201d, declara.<\/p>\n<p style=\"text-align: justify;\">Dona Elza Silva dos Santos \u00e9 Cat\u00f3lica e mora em frente ao local da festa h\u00e1 8 anos. Ela conta que o festeiro Ronaldo fez uma mudan\u00e7a total na parte f\u00edsica do local: \u201cEst\u00e1 tudo melhor do que era antes. Tudo gra\u00e7as ao Ronaldo. Ele melhorou o sal\u00e3o e a pista de dan\u00e7a que era muito r\u00fastica\u201d, ressalta.<\/p>\n<p style=\"text-align: justify;\">Dona Elza tem a chave da igreja e da cozinha para ficar cuidando durante o restante do ano.<\/p>\n<p style=\"text-align: justify;\">A prefeitura da cidade de Costa Rica patrolou a estrada do caminho da f\u00e9 e refor\u00e7ou as sinaliza\u00e7\u00f5es do local, tudo para melhorias e conforto dos fi\u00e9is.<\/p>\n<p style=\"text-align: justify;\">Com informa\u00e7\u00f5es do mstododia<\/p>\n","protected":false},"excerpt":{"rendered":"<p>Uma das mais tradicionais festas religiosas do munic\u00edpio de Costa Rica, a festa do Senhor Bom Jesus, ter\u00e1 in\u00edcio nesta quinta-feira 06 e se encerra no domingo dia 09, no povoado da Capela. Esse ano ser\u00e1 a 78\u00aa edi\u00e7\u00e3o, que possui uma comiss\u00e3o organizadora e que pelo segundo ano consecutivo, ter\u00e1 o festeiro Ronaldo Felisbino [&hellip;]<\/p>\n","protected":false},"author":4,"featured_media":6823,"comment_status":"closed","ping_status":"closed","sticky":false,"template":"","format":"standard","meta":{"footnotes":""},"categories":[25],"tags":[],"class_list":["post-6820","post","type-post","status-publish","format-standard","has-post-thumbnail","hentry","category-costa-rica"],"_links":{"self":[{"href":"https:\/\/www.ocorreionews.com.br\/acervo-correio\/index.php?rest_route=\/wp\/v2\/posts\/6820","targetHints":{"allow":["GET"]}}],"collection":[{"href":"https:\/\/www.ocorreionews.com.br\/acervo-correio\/index.php?rest_route=\/wp\/v2\/posts"}],"about":[{"href":"https:\/\/www.ocorreionews.com.br\/acervo-correio\/index.php?rest_route=\/wp\/v2\/types\/post"}],"author":[{"embeddable":true,"href":"https:\/\/www.ocorreionews.com.br\/acervo-correio\/index.php?rest_route=\/wp\/v2\/users\/4"}],"replies":[{"embeddable":true,"href":"https:\/\/www.ocorreionews.com.br\/acervo-correio\/index.php?rest_route=%2Fwp%2Fv2%2Fcomments&post=6820"}],"version-history":[{"count":0,"href":"https:\/\/www.ocorreionews.com.br\/acervo-correio\/index.php?rest_route=\/wp\/v2\/posts\/6820\/revisions"}],"wp:featuredmedia":[{"embeddable":true,"href":"https:\/\/www.ocorreionews.com.br\/acervo-correio\/index.php?rest_route=\/wp\/v2\/media\/6823"}],"wp:attachment":[{"href":"https:\/\/www.ocorreionews.com.br\/acervo-correio\/index.php?rest_route=%2Fwp%2Fv2%2Fmedia&parent=6820"}],"wp:term":[{"taxonomy":"category","embeddable":true,"href":"https:\/\/www.ocorreionews.com.br\/acervo-correio\/index.php?rest_route=%2Fwp%2Fv2%2Fcategories&post=6820"},{"taxonomy":"post_tag","embeddable":true,"href":"https:\/\/www.ocorreionews.com.br\/acervo-correio\/index.php?rest_route=%2Fwp%2Fv2%2Ftags&post=6820"}],"curies":[{"name":"wp","href":"https:\/\/api.w.org\/{rel}","templated":true}]}}