{"id":6838,"date":"2015-08-03T20:12:25","date_gmt":"2015-08-04T00:12:25","guid":{"rendered":"https:\/\/ocorreionews.com.br\/?p=6838"},"modified":"2015-08-03T22:14:30","modified_gmt":"2015-08-04T02:14:30","slug":"colisao-entre-caminhonetes-mata-produtor-rural-e-filhos-de-8-e-12-anos","status":"publish","type":"post","link":"https:\/\/www.ocorreionews.com.br\/acervo-correio\/?p=6838","title":{"rendered":"Colis\u00e3o entre caminhonetes mata produtor rural e filhos de 8 e 12 anos"},"content":{"rendered":"<p>Um grave acidente envolvendo duas caminhonetes Hilux, vitimou o produtor rural Jos\u00e9 Rolo e seus dois filhos de 8 e 12 anos.O acidente ocorreu na tarde de ontem (02), no Km 395 da BR-230, em Balsas-MA, com o impacto um dos ve\u00edculos chegou a capotar v\u00e1rias vezes.<\/p>\n<p>Conforme informa\u00e7\u00f5es do site Mixoc, a v\u00edtima morou em Coxim &#8211; distante 260 km de Campo Grande, no ano de 2005 e possu\u00eda fazenda na regi\u00e3o de Alcin\u00f3polis. A esposa do produtor rural e outra filha foram transferidas em estado grave para um hospital em Balsas.<\/p>\n<p>Atualmente a fam\u00edlia morava no Maranh\u00e3o, mas um filho da v\u00edtima, Joelson Rolo Gon\u00e7alves, ainda mora em Coxim.<br \/>\nHoje (03) pela manh\u00e3 ele foi at\u00e9 a cidade para o vel\u00f3rio. O sepultamento dever\u00e1 ocorrer por volta das 08hs desta ter\u00e7a-feira (04), na atual cidade onde a v\u00edtima morava.<\/p>\n<p>Ainda conforme informa\u00e7\u00f5es do site,o acidente foi atendido por uma equipe da PRF (Pol\u00edcia Rodovi\u00e1ria Federal). As causas do acidente n\u00e3o foram divulgadas.<\/p>\n<h5>Mariana Rodrigues, Campo Grande News<\/h5>\n","protected":false},"excerpt":{"rendered":"<p>Um grave acidente envolvendo duas caminhonetes Hilux, vitimou o produtor rural Jos\u00e9 Rolo e seus dois filhos de 8 e 12 anos.O acidente ocorreu na tarde de ontem (02), no Km 395 da BR-230, em Balsas-MA, com o impacto um dos ve\u00edculos chegou a capotar v\u00e1rias vezes. Conforme informa\u00e7\u00f5es do site Mixoc, a v\u00edtima morou [&hellip;]<\/p>\n","protected":false},"author":4,"featured_media":6839,"comment_status":"closed","ping_status":"closed","sticky":false,"template":"","format":"standard","meta":{"footnotes":""},"categories":[38],"tags":[],"class_list":["post-6838","post","type-post","status-publish","format-standard","has-post-thumbnail","hentry","category-policia"],"_links":{"self":[{"href":"https:\/\/www.ocorreionews.com.br\/acervo-correio\/index.php?rest_route=\/wp\/v2\/posts\/6838","targetHints":{"allow":["GET"]}}],"collection":[{"href":"https:\/\/www.ocorreionews.com.br\/acervo-correio\/index.php?rest_route=\/wp\/v2\/posts"}],"about":[{"href":"https:\/\/www.ocorreionews.com.br\/acervo-correio\/index.php?rest_route=\/wp\/v2\/types\/post"}],"author":[{"embeddable":true,"href":"https:\/\/www.ocorreionews.com.br\/acervo-correio\/index.php?rest_route=\/wp\/v2\/users\/4"}],"replies":[{"embeddable":true,"href":"https:\/\/www.ocorreionews.com.br\/acervo-correio\/index.php?rest_route=%2Fwp%2Fv2%2Fcomments&post=6838"}],"version-history":[{"count":0,"href":"https:\/\/www.ocorreionews.com.br\/acervo-correio\/index.php?rest_route=\/wp\/v2\/posts\/6838\/revisions"}],"wp:featuredmedia":[{"embeddable":true,"href":"https:\/\/www.ocorreionews.com.br\/acervo-correio\/index.php?rest_route=\/wp\/v2\/media\/6839"}],"wp:attachment":[{"href":"https:\/\/www.ocorreionews.com.br\/acervo-correio\/index.php?rest_route=%2Fwp%2Fv2%2Fmedia&parent=6838"}],"wp:term":[{"taxonomy":"category","embeddable":true,"href":"https:\/\/www.ocorreionews.com.br\/acervo-correio\/index.php?rest_route=%2Fwp%2Fv2%2Fcategories&post=6838"},{"taxonomy":"post_tag","embeddable":true,"href":"https:\/\/www.ocorreionews.com.br\/acervo-correio\/index.php?rest_route=%2Fwp%2Fv2%2Ftags&post=6838"}],"curies":[{"name":"wp","href":"https:\/\/api.w.org\/{rel}","templated":true}]}}