{"id":6885,"date":"2015-08-04T09:49:44","date_gmt":"2015-08-04T13:49:44","guid":{"rendered":"https:\/\/ocorreionews.com.br\/?p=6885"},"modified":"2015-08-04T09:49:44","modified_gmt":"2015-08-04T13:49:44","slug":"edital-de-convocacao-do-pmdb","status":"publish","type":"post","link":"https:\/\/www.ocorreionews.com.br\/acervo-correio\/?p=6885","title":{"rendered":"Edital de Convoca\u00e7\u00e3o do PMDB"},"content":{"rendered":"<p>Nos termos do Art. 21 e seguintes do Estatuto partid\u00e1rio, ficam convocados, por este edital, todos os eleitores filiados ao Partido do Movimento Democr\u00e1tico Brasileiro \u2013 PMDB, neste munic\u00edpio de Chapad\u00e3o do Sul &#8211; MS, para a CONVEN\u00c7\u00c3O MUNICIPAL que ser\u00e1 realizada no dia 29 de agosto de 2015, com in\u00edcio \u00e0s 08 horas, nas depend\u00eancias do CTG \u2013 Centro de Tradi\u00e7\u00f5es Ga\u00fachas, na Rua Vinte, 814 \u2013 Centro, nesta cidade, com a seguinte:<\/p>\n<p>&nbsp;<\/p>\n<h2>ORDEM DO DIA<\/h2>\n<p>&nbsp;<\/p>\n<ol>\n<li>Elei\u00e7\u00e3o, por voto direto e secreto, do Diret\u00f3rio Municipal que ser\u00e1 constitu\u00eddo de 35 membros e de 11 suplentes;<\/li>\n<li>Elei\u00e7\u00e3o, por voto direto e secreto, de 01 Delegado e respectivo suplente \u00e0 Conven\u00e7\u00e3o Estadual;<\/li>\n<li>Elei\u00e7\u00e3o por voto direto e secreto, da Comiss\u00e3o de \u00c9tica e Disciplina e seus suplentes;<\/li>\n<li>Elei\u00e7\u00e3o, por voto direto e secreto, da Comiss\u00e3o Executiva e seus suplentes, do Conselho Fiscal e seus respectivos suplentes, pelo Diret\u00f3rio Municipal eleito, imediatamente ap\u00f3s a Conven\u00e7\u00e3o ou nos 05 dias subseq\u00fcentes;<\/li>\n<li>Outros assuntos do interesse do Partido<\/li>\n<\/ol>\n<p>&nbsp;<\/p>\n<p>&nbsp;<\/p>\n<p>Chapad\u00e3o do Sul\/MS, 03 de agosto de 2015<\/p>\n<p>&nbsp;<\/p>\n<p>&nbsp;<\/p>\n<p><strong>Jesus Maur\u00edcio I. de Souza<\/strong><\/p>\n<p><strong>Presidente do Diret\u00f3rio Municipal<\/strong><\/p>\n","protected":false},"excerpt":{"rendered":"<p>Nos termos do Art. 21 e seguintes do Estatuto partid\u00e1rio, ficam convocados, por este edital, todos os eleitores filiados ao Partido do Movimento Democr\u00e1tico Brasileiro \u2013 PMDB, neste munic\u00edpio de Chapad\u00e3o do Sul &#8211; MS, para a CONVEN\u00c7\u00c3O MUNICIPAL que ser\u00e1 realizada no dia 29 de agosto de 2015, com in\u00edcio \u00e0s 08 horas, nas [&hellip;]<\/p>\n","protected":false},"author":4,"featured_media":6886,"comment_status":"closed","ping_status":"closed","sticky":false,"template":"","format":"standard","meta":{"footnotes":""},"categories":[23,37],"tags":[],"class_list":["post-6885","post","type-post","status-publish","format-standard","has-post-thumbnail","hentry","category-chapadao-do-sul","category-politica"],"_links":{"self":[{"href":"https:\/\/www.ocorreionews.com.br\/acervo-correio\/index.php?rest_route=\/wp\/v2\/posts\/6885","targetHints":{"allow":["GET"]}}],"collection":[{"href":"https:\/\/www.ocorreionews.com.br\/acervo-correio\/index.php?rest_route=\/wp\/v2\/posts"}],"about":[{"href":"https:\/\/www.ocorreionews.com.br\/acervo-correio\/index.php?rest_route=\/wp\/v2\/types\/post"}],"author":[{"embeddable":true,"href":"https:\/\/www.ocorreionews.com.br\/acervo-correio\/index.php?rest_route=\/wp\/v2\/users\/4"}],"replies":[{"embeddable":true,"href":"https:\/\/www.ocorreionews.com.br\/acervo-correio\/index.php?rest_route=%2Fwp%2Fv2%2Fcomments&post=6885"}],"version-history":[{"count":0,"href":"https:\/\/www.ocorreionews.com.br\/acervo-correio\/index.php?rest_route=\/wp\/v2\/posts\/6885\/revisions"}],"wp:featuredmedia":[{"embeddable":true,"href":"https:\/\/www.ocorreionews.com.br\/acervo-correio\/index.php?rest_route=\/wp\/v2\/media\/6886"}],"wp:attachment":[{"href":"https:\/\/www.ocorreionews.com.br\/acervo-correio\/index.php?rest_route=%2Fwp%2Fv2%2Fmedia&parent=6885"}],"wp:term":[{"taxonomy":"category","embeddable":true,"href":"https:\/\/www.ocorreionews.com.br\/acervo-correio\/index.php?rest_route=%2Fwp%2Fv2%2Fcategories&post=6885"},{"taxonomy":"post_tag","embeddable":true,"href":"https:\/\/www.ocorreionews.com.br\/acervo-correio\/index.php?rest_route=%2Fwp%2Fv2%2Ftags&post=6885"}],"curies":[{"name":"wp","href":"https:\/\/api.w.org\/{rel}","templated":true}]}}