{"id":6896,"date":"2015-08-04T11:04:19","date_gmt":"2015-08-04T15:04:19","guid":{"rendered":"https:\/\/ocorreionews.com.br\/?p=6896"},"modified":"2015-08-04T11:04:19","modified_gmt":"2015-08-04T15:04:19","slug":"corpo-de-bombeiros-realizaram-treinamentos-com-o-uso-de-rapel-nas-cachoeiras-do-rio-sucuriu","status":"publish","type":"post","link":"https:\/\/www.ocorreionews.com.br\/acervo-correio\/?p=6896","title":{"rendered":"Corpo de Bombeiros realizaram treinamentos com o uso de rapel nas cachoeiras do rio Sucuri\u00fa"},"content":{"rendered":"<div style=\"text-align: justify;\">Os integrantes do 19\u00ba Subgrupamento do Corpo de Bombeiros Militar de Costa Rica\/MS participaram de treinamento com o uso de rapel (faz parte de uma das t\u00e9cnicas verticais existentes no mundo onde \u00e9 utilizada uma corda para se deslocar verticalmente de um ponto superior a um ponto inferior) no \u00a0Parque Natural Salto do Sucuri\u00fa. O treinamento durou aproximadamente seis horas, os 25 militares da corpora\u00e7\u00e3o participaram, o treinamento foi dividido em v\u00e1rias etapas. Foi utilizando cerca de 300 metros de corda para a pr\u00e1tica do rapel na cachoeira com cerca de tem 64 metros de alturas. Os bombeiros simularam o salvamento de uma v\u00edtima que havia sofrido desmaio e foi resgatada com uso de uma maca e levado at\u00e9 o p\u00e1tio do Parque.<\/div>\n<div style=\"text-align: justify;\">\u00a0<a href=\"https:\/\/ocorreionews.com.br\/wp-content\/uploads\/2015\/08\/bombeiros-cr2.jpg\"><img loading=\"lazy\" decoding=\"async\" class=\"alignnone size-full wp-image-6897\" src=\"https:\/\/ocorreionews.com.br\/wp-content\/uploads\/2015\/08\/bombeiros-cr2.jpg\" alt=\"bombeiros cr2\" width=\"640\" height=\"425\" srcset=\"https:\/\/www.ocorreionews.com.br\/acervo-correio\/wp-content\/uploads\/2015\/08\/bombeiros-cr2.jpg 640w, https:\/\/www.ocorreionews.com.br\/acervo-correio\/wp-content\/uploads\/2015\/08\/bombeiros-cr2-300x199.jpg 300w\" sizes=\"auto, (max-width: 640px) 100vw, 640px\" \/><\/a><\/div>\n<div style=\"text-align: justify;\">De acordo com o comandante, capit\u00e3o Aldinei Silva o treinamento tem o objetivo de capacitar os militares, para um eventual salvamento em altura. O comandante informou que \u00e9 necess\u00e1rio que as equipes estejam preparadas e capacitadas para \u00a0atender com efici\u00eancia a popula\u00e7\u00e3o. Ele disse ainda que o conhecimento da equipe \u00e9 em edifica\u00e7\u00f5es, por\u00e9m Costa Rica conta com muitas cachoeiras e \u00e9 preciso estar preparado para realizar salvamentos. De acordo com o comandante o treinamento est\u00e1 na programa\u00e7\u00e3o do Corpo de Bombeiros, \u201ch\u00e1 a necessidade de treinamento para aprimorar as t\u00e9cnicas de salvamento em alturas\u201d.<\/div>\n<div style=\"text-align: justify;\"><a href=\"https:\/\/ocorreionews.com.br\/wp-content\/uploads\/2015\/08\/bombeiros-cr3.jpg\"><img loading=\"lazy\" decoding=\"async\" class=\"alignnone size-full wp-image-6898\" src=\"https:\/\/ocorreionews.com.br\/wp-content\/uploads\/2015\/08\/bombeiros-cr3.jpg\" alt=\"bombeiros cr3\" width=\"640\" height=\"426\" srcset=\"https:\/\/www.ocorreionews.com.br\/acervo-correio\/wp-content\/uploads\/2015\/08\/bombeiros-cr3.jpg 640w, https:\/\/www.ocorreionews.com.br\/acervo-correio\/wp-content\/uploads\/2015\/08\/bombeiros-cr3-300x200.jpg 300w\" sizes=\"auto, (max-width: 640px) 100vw, 640px\" \/><\/a><\/div>\n<div style=\"text-align: justify;\">O sargento Teodoro foi o instrutor respons\u00e1vel pelo aprimoramento da equipe. Ele informou a que o maior desafio \u00e9 vencer os obst\u00e1culos como o vento forte, pedras e rochas de arenito que esfarelam, desliza e pode at\u00e9 cortar a corda de sustenta\u00e7\u00e3o. De acordo com ele na pr\u00e1tica do rapel e preciso tomar uma s\u00e9rie de medidas preventivas, para tornar a atividade segura.<\/div>\n<div style=\"text-align: justify;\"><\/div>\n<div style=\"text-align: justify;\">\u201cCom o treinamento adquirimos confian\u00e7a e tiramos d\u00favidas\u201d, disse o sargento Marcos Gomes Tolentino. Segundo ele o treinamento \u00e9 importante, \u201cpode acontecer um acidente a qualquer momento, temos v\u00e1rias cachoeiras no Munic\u00edpio\u201d. O sargento Marcos destacou ainda que o treinamento ajuda o bombeiro que estiver realizando salvamento nestes locais elevados, \u201c\u00e9 preciso estar com psicol\u00f3gico e o emocionalmente muito bem equilibrado\u201d.<\/div>\n<div style=\"text-align: justify;\"><\/div>\n<div style=\"text-align: justify;\">Uma jovem de 21 anos se destacou no meio dos homens da corpora\u00e7\u00e3o participando de igual para igual do treinamento e chamou a aten\u00e7\u00e3o pela determina\u00e7\u00e3o e coragem. A soldado Nayara Olarte disse ao Hora da Not\u00edcia que sempre acreditou ser poss\u00edvel e comemorou ao final dos exerc\u00edcios, \u201choje eu consegui\u201d. Nayara est\u00e1 na corpora\u00e7\u00e3o h\u00e1 mais de um ano. Ela disse ainda que o treinamento \u00a0\u00e9 fundamental \u00a0para adquirir confian\u00e7a e conhecer a realidade dos locais onde poderam vir a realizar salvamentos.<\/div>\n<div style=\"text-align: justify;\">o Hora da Not\u00edcia<\/div>\n","protected":false},"excerpt":{"rendered":"<p>Os integrantes do 19\u00ba Subgrupamento do Corpo de Bombeiros Militar de Costa Rica\/MS participaram de treinamento com o uso de rapel (faz parte de uma das t\u00e9cnicas verticais existentes no mundo onde \u00e9 utilizada uma corda para se deslocar verticalmente de um ponto superior a um ponto inferior) no \u00a0Parque Natural Salto do Sucuri\u00fa. O [&hellip;]<\/p>\n","protected":false},"author":4,"featured_media":6899,"comment_status":"closed","ping_status":"closed","sticky":false,"template":"","format":"standard","meta":{"footnotes":""},"categories":[25],"tags":[],"class_list":["post-6896","post","type-post","status-publish","format-standard","has-post-thumbnail","hentry","category-costa-rica"],"_links":{"self":[{"href":"https:\/\/www.ocorreionews.com.br\/acervo-correio\/index.php?rest_route=\/wp\/v2\/posts\/6896","targetHints":{"allow":["GET"]}}],"collection":[{"href":"https:\/\/www.ocorreionews.com.br\/acervo-correio\/index.php?rest_route=\/wp\/v2\/posts"}],"about":[{"href":"https:\/\/www.ocorreionews.com.br\/acervo-correio\/index.php?rest_route=\/wp\/v2\/types\/post"}],"author":[{"embeddable":true,"href":"https:\/\/www.ocorreionews.com.br\/acervo-correio\/index.php?rest_route=\/wp\/v2\/users\/4"}],"replies":[{"embeddable":true,"href":"https:\/\/www.ocorreionews.com.br\/acervo-correio\/index.php?rest_route=%2Fwp%2Fv2%2Fcomments&post=6896"}],"version-history":[{"count":0,"href":"https:\/\/www.ocorreionews.com.br\/acervo-correio\/index.php?rest_route=\/wp\/v2\/posts\/6896\/revisions"}],"wp:featuredmedia":[{"embeddable":true,"href":"https:\/\/www.ocorreionews.com.br\/acervo-correio\/index.php?rest_route=\/wp\/v2\/media\/6899"}],"wp:attachment":[{"href":"https:\/\/www.ocorreionews.com.br\/acervo-correio\/index.php?rest_route=%2Fwp%2Fv2%2Fmedia&parent=6896"}],"wp:term":[{"taxonomy":"category","embeddable":true,"href":"https:\/\/www.ocorreionews.com.br\/acervo-correio\/index.php?rest_route=%2Fwp%2Fv2%2Fcategories&post=6896"},{"taxonomy":"post_tag","embeddable":true,"href":"https:\/\/www.ocorreionews.com.br\/acervo-correio\/index.php?rest_route=%2Fwp%2Fv2%2Ftags&post=6896"}],"curies":[{"name":"wp","href":"https:\/\/api.w.org\/{rel}","templated":true}]}}