{"id":6901,"date":"2015-08-04T13:08:10","date_gmt":"2015-08-04T17:08:10","guid":{"rendered":"https:\/\/ocorreionews.com.br\/?p=6901"},"modified":"2015-08-04T13:08:10","modified_gmt":"2015-08-04T17:08:10","slug":"neste-domingo-tem-a-cavalgada-em-chapadao-do-ceu","status":"publish","type":"post","link":"https:\/\/www.ocorreionews.com.br\/acervo-correio\/?p=6901","title":{"rendered":"Neste domingo tem a Cavalgada em Chapad\u00e3o do C\u00e9u"},"content":{"rendered":"<p style=\"text-align: justify;\">Acontece neste domingo dia 09, em Chapad\u00e3o do C\u00e9u a 16\u00aa Cavalgada beneficente, organizada por um grupo de amigos e que tem o apoio do Poder P\u00fablico e de v\u00e1rios empres\u00e1rios da cidade.<\/p>\n<p style=\"text-align: justify;\">A Cavalgada ter\u00e1 in\u00edcio as 07hs00 da manh\u00e3, com sa\u00edda da fazenda Rancho Azul, com destino ao Clube do C\u00e9u, onde ser\u00e1 servido um caf\u00e9 da manh\u00e3.<\/p>\n<p style=\"text-align: justify;\">Ap\u00f3s o caf\u00e9, os participantes seguem para o Lago das Gar\u00e7as, com a previs\u00e3o de chegada as 12 horas, onde ser\u00e1 servido um churrasco completo.<\/p>\n<p style=\"text-align: justify;\">No per\u00edodo da tarde haver\u00e1 v\u00e1rias provas t\u00edpicas e show sertanejo.<\/p>\n","protected":false},"excerpt":{"rendered":"<p>Acontece neste domingo dia 09, em Chapad\u00e3o do C\u00e9u a 16\u00aa Cavalgada beneficente, organizada por um grupo de amigos e que tem o apoio do Poder P\u00fablico e de v\u00e1rios empres\u00e1rios da cidade. A Cavalgada ter\u00e1 in\u00edcio as 07hs00 da manh\u00e3, com sa\u00edda da fazenda Rancho Azul, com destino ao Clube do C\u00e9u, onde ser\u00e1 [&hellip;]<\/p>\n","protected":false},"author":4,"featured_media":6902,"comment_status":"closed","ping_status":"closed","sticky":false,"template":"","format":"standard","meta":{"footnotes":""},"categories":[22],"tags":[],"class_list":["post-6901","post","type-post","status-publish","format-standard","has-post-thumbnail","hentry","category-chapadao-do-ceu"],"_links":{"self":[{"href":"https:\/\/www.ocorreionews.com.br\/acervo-correio\/index.php?rest_route=\/wp\/v2\/posts\/6901","targetHints":{"allow":["GET"]}}],"collection":[{"href":"https:\/\/www.ocorreionews.com.br\/acervo-correio\/index.php?rest_route=\/wp\/v2\/posts"}],"about":[{"href":"https:\/\/www.ocorreionews.com.br\/acervo-correio\/index.php?rest_route=\/wp\/v2\/types\/post"}],"author":[{"embeddable":true,"href":"https:\/\/www.ocorreionews.com.br\/acervo-correio\/index.php?rest_route=\/wp\/v2\/users\/4"}],"replies":[{"embeddable":true,"href":"https:\/\/www.ocorreionews.com.br\/acervo-correio\/index.php?rest_route=%2Fwp%2Fv2%2Fcomments&post=6901"}],"version-history":[{"count":0,"href":"https:\/\/www.ocorreionews.com.br\/acervo-correio\/index.php?rest_route=\/wp\/v2\/posts\/6901\/revisions"}],"wp:featuredmedia":[{"embeddable":true,"href":"https:\/\/www.ocorreionews.com.br\/acervo-correio\/index.php?rest_route=\/wp\/v2\/media\/6902"}],"wp:attachment":[{"href":"https:\/\/www.ocorreionews.com.br\/acervo-correio\/index.php?rest_route=%2Fwp%2Fv2%2Fmedia&parent=6901"}],"wp:term":[{"taxonomy":"category","embeddable":true,"href":"https:\/\/www.ocorreionews.com.br\/acervo-correio\/index.php?rest_route=%2Fwp%2Fv2%2Fcategories&post=6901"},{"taxonomy":"post_tag","embeddable":true,"href":"https:\/\/www.ocorreionews.com.br\/acervo-correio\/index.php?rest_route=%2Fwp%2Fv2%2Ftags&post=6901"}],"curies":[{"name":"wp","href":"https:\/\/api.w.org\/{rel}","templated":true}]}}