{"id":7044,"date":"2015-08-06T08:24:50","date_gmt":"2015-08-06T12:24:50","guid":{"rendered":"https:\/\/ocorreionews.com.br\/?p=7044"},"modified":"2015-08-06T10:28:13","modified_gmt":"2015-08-06T14:28:13","slug":"municipio-de-costa-rica-divulga-tabela-com-valor-da-terra-nua-para-o-exercicio-2015","status":"publish","type":"post","link":"https:\/\/www.ocorreionews.com.br\/acervo-correio\/?p=7044","title":{"rendered":"Munic\u00edpio de Costa Rica divulga tabela com Valor da Terra Nua para o Exerc\u00edcio 2015"},"content":{"rendered":"<div class=\"marginBottom30px link-Internas\">\n<p>A Subsecretaria de Receita e Controle disponibilizou na quarta-feira, 05 de agosto de 2015, no DIOCRI \u2013 Di\u00e1rio Oficial do Munic\u00edpio de Costa Rica \u2013 MS, a tabela que traz o VTN \u2013 Valor da Terra Nua para o Exerc\u00edcio 2015.<\/p>\n<p><a href=\"http:\/\/www.costarica.ms.gov.br\/up\/DiarioOficial\/2015_08_05\/DiarioOficial-1438793721_14844.pdf\"><strong>Clique Aqui<\/strong><\/a> e confira a tabela que foi publicada na Edi\u00e7\u00e3o N\u00ba. 1.486\/Ano X, do DIOCRI na P\u00e1gina 02.<\/p>\n<p>Segundo o subsecret\u00e1rio de Receita e Controle Averaldo Amorim, a tabela \u00e9 disponibilizada para fins de apura\u00e7\u00e3o do ITR \u2013 Imposto sobre a Propriedade Rural \u2013 para o exerc\u00edcio 2015.<\/p>\n<p>\u201cOs valores est\u00e3o relacionados de acordo com as aptid\u00f5es agr\u00edcolas das terras em levantamento realizado pelo Munic\u00edpio, conforme disposto no \u00a7 5\u00b0 do Art. 3\u00b0 da Instru\u00e7\u00e3o Normativa da RFB \u2013 Receita Federal do Brasil \u2013 N\u00b0. 1563, de 29 de abril de 2015\u201d, explica Averaldo Amorim.<\/p>\n<p>Ainda conforme o subsecret\u00e1rio, os trabalhos foram elaborados por um grupo t\u00e9cnico que envolveu a Secretaria de Administra\u00e7\u00e3o e Finan\u00e7as em conjunto com a Subsecretaria de Receita e Controle, a Secretaria de Agricultura e Desenvolvimento e um profissional liberal devidamente habilitado e inscrito em seu respectivo conselho.<\/p>\n<p>\u201cA base inicial do calculo teve como base inicial o mapa de aptid\u00e3o agr\u00edcola do Munic\u00edpio de Costa Rica, disponibilizado por meio dos estudos do Macrozoneamento Ambiental do Estado de Mato Grosso do Sul\u201d, complementou o secret\u00e1rio Municipal de Agricultura e Desenvolvimento, Keyler Simey Garcia Barbosa.<\/p>\n<\/div>\n<div class=\"marginBottom30px link-Internas\">ASSECOM\/PMCR<\/div>\n","protected":false},"excerpt":{"rendered":"<p>A Subsecretaria de Receita e Controle disponibilizou na quarta-feira, 05 de agosto de 2015, no DIOCRI \u2013 Di\u00e1rio Oficial do Munic\u00edpio de Costa Rica \u2013 MS, a tabela que traz o VTN \u2013 Valor da Terra Nua para o Exerc\u00edcio 2015. Clique Aqui e confira a tabela que foi publicada na Edi\u00e7\u00e3o N\u00ba. 1.486\/Ano X, [&hellip;]<\/p>\n","protected":false},"author":4,"featured_media":7046,"comment_status":"closed","ping_status":"closed","sticky":false,"template":"","format":"standard","meta":{"footnotes":""},"categories":[25],"tags":[],"class_list":["post-7044","post","type-post","status-publish","format-standard","has-post-thumbnail","hentry","category-costa-rica"],"_links":{"self":[{"href":"https:\/\/www.ocorreionews.com.br\/acervo-correio\/index.php?rest_route=\/wp\/v2\/posts\/7044","targetHints":{"allow":["GET"]}}],"collection":[{"href":"https:\/\/www.ocorreionews.com.br\/acervo-correio\/index.php?rest_route=\/wp\/v2\/posts"}],"about":[{"href":"https:\/\/www.ocorreionews.com.br\/acervo-correio\/index.php?rest_route=\/wp\/v2\/types\/post"}],"author":[{"embeddable":true,"href":"https:\/\/www.ocorreionews.com.br\/acervo-correio\/index.php?rest_route=\/wp\/v2\/users\/4"}],"replies":[{"embeddable":true,"href":"https:\/\/www.ocorreionews.com.br\/acervo-correio\/index.php?rest_route=%2Fwp%2Fv2%2Fcomments&post=7044"}],"version-history":[{"count":0,"href":"https:\/\/www.ocorreionews.com.br\/acervo-correio\/index.php?rest_route=\/wp\/v2\/posts\/7044\/revisions"}],"wp:featuredmedia":[{"embeddable":true,"href":"https:\/\/www.ocorreionews.com.br\/acervo-correio\/index.php?rest_route=\/wp\/v2\/media\/7046"}],"wp:attachment":[{"href":"https:\/\/www.ocorreionews.com.br\/acervo-correio\/index.php?rest_route=%2Fwp%2Fv2%2Fmedia&parent=7044"}],"wp:term":[{"taxonomy":"category","embeddable":true,"href":"https:\/\/www.ocorreionews.com.br\/acervo-correio\/index.php?rest_route=%2Fwp%2Fv2%2Fcategories&post=7044"},{"taxonomy":"post_tag","embeddable":true,"href":"https:\/\/www.ocorreionews.com.br\/acervo-correio\/index.php?rest_route=%2Fwp%2Fv2%2Ftags&post=7044"}],"curies":[{"name":"wp","href":"https:\/\/api.w.org\/{rel}","templated":true}]}}