{"id":7052,"date":"2015-08-06T08:44:42","date_gmt":"2015-08-06T12:44:42","guid":{"rendered":"https:\/\/ocorreionews.com.br\/?p=7052"},"modified":"2015-08-06T08:44:59","modified_gmt":"2015-08-06T12:44:59","slug":"com-quase-um-ano-apos-acordo-de-reforma-canil-continua-em-situacao-precaria-vereadores-querem-acao-do-executivo","status":"publish","type":"post","link":"https:\/\/www.ocorreionews.com.br\/acervo-correio\/?p=7052","title":{"rendered":"Com quase um ano ap\u00f3s acordo de reforma, canil continua em situa\u00e7\u00e3o prec\u00e1ria. Vereadores querem a\u00e7\u00e3o do executivo"},"content":{"rendered":"<p>\u201cMicrochip identificar\u00e1 os animais dom\u00e9sticos de Chapad\u00e3o do Sul\u201d Este foi o t\u00edtulo da mat\u00e9ria veiculada no site da prefeitura de Chapad\u00e3o do Sul no dia 08 de setembro de 2014 que destacava em seu texto o consenso entre legislativo e executivo em rela\u00e7\u00e3o a implanta\u00e7\u00e3o do servi\u00e7o de microchip nos animais dom\u00e9sticos de Chapad\u00e3o do Sul.<\/p>\n<p>&nbsp;<\/p>\n<p>A reuni\u00e3o aconteceu no gabinete da prefeitura e contou com a presen\u00e7a do Prefeito Dr. Felipe juntamente com sua vice Liza Scheide, os vereadores Rosemari Cruz, Abel Lemes, T\u00e2nia Francini, Wagner In\u00e1cio e Sonia Maran, al\u00e9m do M\u00e9dico Veterin\u00e1rio Luiz Fernando Silva Torres e a Secret\u00e1ria de Sa\u00fade, Rosemary Barros.<\/p>\n<p>&nbsp;<\/p>\n<p>Durante a reuni\u00e3o ficou acordado que a Prefeitura em parceria com a C\u00e2mara Municipal faria a troca do forro, melhorias no piso, constru\u00e7\u00e3o de novas baias e outras necessidades do canil apresentadas na reuni\u00e3o. Na \u00e9poca o prefeito afirmou ainda que o objetivo \u00e9 que o canil fosse revitalizado para que o servi\u00e7o possa ser oferecido com mais qualidade \u00e0 popula\u00e7\u00e3o.<\/p>\n<p>&nbsp;<\/p>\n<p>Por\u00e9m, quase um ano ap\u00f3s a reuni\u00e3o, pouco foi feito e o canil continua em situa\u00e7\u00e3o prec\u00e1ria. Durante o recesso parlamentar os vereadores Wagner In\u00e1cio, Rosemari Cruz e Elton Silva visitaram o canil e conversaram com o M\u00e9dico Veterin\u00e1rio Respons\u00e1vel pelo local Luiz Fernando Torres, para obter informa\u00e7\u00f5es sobre a situa\u00e7\u00e3o do canil.<\/p>\n<p>&nbsp;<\/p>\n<p>Na \u00faltima ter\u00e7a-feira (04) a Presidente da C\u00e2mara Sonia Maran esteve pessoalmente no canil para acompanhar os trabalhos e o que viu foi a mesma situa\u00e7\u00e3o de um ano atr\u00e1s, baias cheias, telas remendadas e poucas condi\u00e7\u00f5es aos animais, a \u00fanica melhoria feita no local foi a constru\u00e7\u00e3o de algumas baias novas e um novo piso na \u00e1rea externa, um investimento de pouco mais de 7 mil reais.<\/p>\n<p>&nbsp;<\/p>\n<p>Na \u00e9poca da reuni\u00e3o foi acordado que a c\u00e2mara municipal faria a devolu\u00e7\u00e3o de 50 mil reais que seriam somados com mais 50 da prefeitura que juntos somariam 100 mil reais de melhorias no local, por\u00e9m at\u00e9 o momento nada foi feito, mesmo com os recursos da c\u00e2mara tendo sido devolvidos ainda no ano passado.<\/p>\n<p>&nbsp;<\/p>\n<p>Outro ponto discutido na reuni\u00e3o e que at\u00e9 hoje n\u00e3o saiu do papel foi a implanta\u00e7\u00e3o do servi\u00e7o de \u201cchipagem\u201d dos animais, uma vez que com o crescimento desenfreado de c\u00e3es no munic\u00edpio, alguns populares acabam abandonando os animais em vias p\u00fablicas, que acabam sendo recolhidos pelo canil que n\u00e3o tem condi\u00e7\u00f5es de acomodar muitos animais. Segundo Sonia Maran, at\u00e9 hoje nem mesmo o projeto de lei adentrou na c\u00e2mara municipal.<\/p>\n<p>&nbsp;<\/p>\n<p>Em seu pronunciamento na segunda-feira dia 03, a vereadora Rosemari Cruz voltou a chamar a aten\u00e7\u00e3o para a situa\u00e7\u00e3o do canil. Segundo a Presidente Sonia, em breve os vereadores dever\u00e3o convocar uma reuni\u00e3o com a Secret\u00e1ria do Sedema Alessandra Comforte para cobrar providencias, uma vez que o compromisso assumido a quase um ano ainda n\u00e3o foi cumprido.<\/p>\n<p>&nbsp;<\/p>\n<p>Assessoria C\u00e2mara &#8211; Foto Ronaldo Ara\u00fajo<\/p>\n<p>&nbsp;<\/p>\n","protected":false},"excerpt":{"rendered":"<p>\u201cMicrochip identificar\u00e1 os animais dom\u00e9sticos de Chapad\u00e3o do Sul\u201d Este foi o t\u00edtulo da mat\u00e9ria veiculada no site da prefeitura de Chapad\u00e3o do Sul no dia 08 de setembro de 2014 que destacava em seu texto o consenso entre legislativo e executivo em rela\u00e7\u00e3o a implanta\u00e7\u00e3o do servi\u00e7o de microchip nos animais dom\u00e9sticos de Chapad\u00e3o [&hellip;]<\/p>\n","protected":false},"author":4,"featured_media":7053,"comment_status":"closed","ping_status":"closed","sticky":false,"template":"","format":"standard","meta":{"footnotes":""},"categories":[20,23],"tags":[],"class_list":["post-7052","post","type-post","status-publish","format-standard","has-post-thumbnail","hentry","category-camara-municipal","category-chapadao-do-sul"],"_links":{"self":[{"href":"https:\/\/www.ocorreionews.com.br\/acervo-correio\/index.php?rest_route=\/wp\/v2\/posts\/7052","targetHints":{"allow":["GET"]}}],"collection":[{"href":"https:\/\/www.ocorreionews.com.br\/acervo-correio\/index.php?rest_route=\/wp\/v2\/posts"}],"about":[{"href":"https:\/\/www.ocorreionews.com.br\/acervo-correio\/index.php?rest_route=\/wp\/v2\/types\/post"}],"author":[{"embeddable":true,"href":"https:\/\/www.ocorreionews.com.br\/acervo-correio\/index.php?rest_route=\/wp\/v2\/users\/4"}],"replies":[{"embeddable":true,"href":"https:\/\/www.ocorreionews.com.br\/acervo-correio\/index.php?rest_route=%2Fwp%2Fv2%2Fcomments&post=7052"}],"version-history":[{"count":0,"href":"https:\/\/www.ocorreionews.com.br\/acervo-correio\/index.php?rest_route=\/wp\/v2\/posts\/7052\/revisions"}],"wp:featuredmedia":[{"embeddable":true,"href":"https:\/\/www.ocorreionews.com.br\/acervo-correio\/index.php?rest_route=\/wp\/v2\/media\/7053"}],"wp:attachment":[{"href":"https:\/\/www.ocorreionews.com.br\/acervo-correio\/index.php?rest_route=%2Fwp%2Fv2%2Fmedia&parent=7052"}],"wp:term":[{"taxonomy":"category","embeddable":true,"href":"https:\/\/www.ocorreionews.com.br\/acervo-correio\/index.php?rest_route=%2Fwp%2Fv2%2Fcategories&post=7052"},{"taxonomy":"post_tag","embeddable":true,"href":"https:\/\/www.ocorreionews.com.br\/acervo-correio\/index.php?rest_route=%2Fwp%2Fv2%2Ftags&post=7052"}],"curies":[{"name":"wp","href":"https:\/\/api.w.org\/{rel}","templated":true}]}}