{"id":7055,"date":"2015-08-06T08:49:36","date_gmt":"2015-08-06T12:49:36","guid":{"rendered":"https:\/\/ocorreionews.com.br\/?p=7055"},"modified":"2015-08-06T08:49:36","modified_gmt":"2015-08-06T12:49:36","slug":"datafolha-reprovacao-a-dilma-cresce-e-passa-a-de-collor-em-1992","status":"publish","type":"post","link":"https:\/\/www.ocorreionews.com.br\/acervo-correio\/?p=7055","title":{"rendered":"Datafolha: reprova\u00e7\u00e3o a Dilma cresce e passa a de Collor em 1992"},"content":{"rendered":"<p>Pesquisa Datafolha divulgada nesta quinta-feira (6) pelo site do jornal &#8220;Folha de S.Paulo&#8221; indica os seguintes percentuais sobre como os eleitores avaliam o governo da presidente Dilma Rousseff (PT):<\/p>\n<p>&#8211; \u00d3timo\/bom: 8%<br \/>\n&#8211; Regular: 20%<br \/>\n&#8211; Ruim\/p\u00e9ssimo: 71%<br \/>\n&#8211; N\u00e3o sabe: 1%<\/p>\n<p>Segundo a &#8220;Folha&#8221;, no hist\u00f3rico de pesquisas nacionais de avalia\u00e7\u00e3o presidencial do Datafolha, a atual taxa de reprova\u00e7\u00e3o da presidente da Rep\u00fablica (65%) \u00e9 a pior da hist\u00f3ria da pesquisa, superando os 68% de &#8220;ruim&#8221; e &#8220;p\u00e9ssimo&#8221; registrados pelo ex-presidente Fernando Collor de Mello em setembro de 1992.<\/p>\n<p>No levantamento anterior, de 20 de junho, o Datafolha indicou os seguintes percentuais sobre como os eleitores avaliam o governo\u00a0Dilma: \u00d3timo\/bom: 10%; Regular: 24%; Ruim\/p\u00e9ssimo: 65%; e N\u00e3o sabe: 1%.<\/p>\n<p>O levantamento foi realizado pelo Datafolha com 3.358 pessoas de 201 munic\u00edpios do pa\u00eds entre os dias 4 e 5 de agosto. A margem de erro \u00e9 de 2 pontos percentuais para mais ou para menos.<\/p>\n<p><strong>Por regi\u00e3o<\/strong><br \/>\nConsiderando as regi\u00f5es do pa\u00eds, os resultados da pesquisa foram:<br \/>\n<strong>&#8211; Sudeste:<\/strong><br \/>\n&#8212; \u00d3timo\/bom: 7%<br \/>\n&#8212; Regular: 19%<br \/>\n&#8212; Ruim\/p\u00e9ssimo: 73%<br \/>\n&#8212; N\u00e3o sabe: 1%<\/p>\n<p><strong>&#8211; Sul:<\/strong><br \/>\n&#8212; \u00d3timo\/bom: 7%<br \/>\n&#8212; Regular: 20%<br \/>\n&#8212; Ruim\/p\u00e9ssimo: 73%<br \/>\n&#8212; N\u00e3o sabe: 1%<\/p>\n<p><strong>&#8211; Nordeste:<\/strong><br \/>\n&#8212; \u00d3timo\/bom: 10%<br \/>\n&#8212; Regular: 22%<br \/>\n&#8212; Ruim\/p\u00e9ssimo: 66%<br \/>\n&#8212; N\u00e3o sabe: 2%<\/p>\n<p><strong>&#8211; Centro-Oeste:<\/strong><br \/>\n&#8212; \u00d3timo\/bom: 6%<br \/>\n&#8212; Regular: 15%<br \/>\n&#8212; Ruim\/p\u00e9ssimo: 77%<br \/>\n&#8212; N\u00e3o sabe: 1%<\/p>\n<p><strong>&#8211; Norte:<\/strong><br \/>\n&#8212; \u00d3timo\/bom: 9%<br \/>\n&#8212; Regular: 24%<br \/>\n&#8212; Ruim\/p\u00e9ssimo: 65%<br \/>\n&#8212; N\u00e3o sabe: 2%<\/p>\n<p><strong>Por renda<\/strong><br \/>\nConsiderando a renda em sal\u00e1rios m\u00ednimos, os resultados da pesquisa foram:<br \/>\n&#8211; At\u00e9 2 SM:<br \/>\n&#8212; \u00d3timo\/bom: 10%<br \/>\n&#8212; Regular: 20%<br \/>\n&#8212; Ruim\/p\u00e9ssimo: 69%<br \/>\n&#8212; N\u00e3o sabe: 1%<\/p>\n<p><strong>&#8211; De 2 a 5 SM:<\/strong><br \/>\n&#8212; \u00d3timo\/bom: 7%<br \/>\n&#8212; Regular: 20%<br \/>\n&#8212; Ruim\/p\u00e9ssimo: 73%<br \/>\n&#8212; N\u00e3o sabe: 1%<\/p>\n<p><strong>&#8211; De 5 a 10 SM:<\/strong><br \/>\n&#8212; \u00d3timo\/bom: 8%<br \/>\n&#8212; Regular: 17%<br \/>\n&#8212; Ruim\/p\u00e9ssimo: 74%<br \/>\n&#8212; N\u00e3o sabe: 0%<\/p>\n<p><strong>&#8211; Mais de 10 SM:<\/strong><br \/>\n&#8212; \u00d3timo\/bom: 6%<br \/>\n&#8212; Regular: 19%<br \/>\n&#8212; Ruim\/p\u00e9ssimo: 75%<br \/>\n&#8212; N\u00e3o sabe: 0%<\/p>\n<p><strong>*<\/strong>Observa\u00e7\u00e3o: a soma dos valores pode n\u00e3o ser 100% devido a arredondamentos.<\/p>\n<p>&nbsp;<\/p>\n<p>&nbsp;<\/p>\n<p>Fonte: G1<\/p>\n","protected":false},"excerpt":{"rendered":"<p>Pesquisa Datafolha divulgada nesta quinta-feira (6) pelo site do jornal &#8220;Folha de S.Paulo&#8221; indica os seguintes percentuais sobre como os eleitores avaliam o governo da presidente Dilma Rousseff (PT): &#8211; \u00d3timo\/bom: 8% &#8211; Regular: 20% &#8211; Ruim\/p\u00e9ssimo: 71% &#8211; N\u00e3o sabe: 1% Segundo a &#8220;Folha&#8221;, no hist\u00f3rico de pesquisas nacionais de avalia\u00e7\u00e3o presidencial do Datafolha, [&hellip;]<\/p>\n","protected":false},"author":4,"featured_media":6563,"comment_status":"closed","ping_status":"closed","sticky":false,"template":"","format":"standard","meta":{"footnotes":""},"categories":[37],"tags":[],"class_list":["post-7055","post","type-post","status-publish","format-standard","has-post-thumbnail","hentry","category-politica"],"_links":{"self":[{"href":"https:\/\/www.ocorreionews.com.br\/acervo-correio\/index.php?rest_route=\/wp\/v2\/posts\/7055","targetHints":{"allow":["GET"]}}],"collection":[{"href":"https:\/\/www.ocorreionews.com.br\/acervo-correio\/index.php?rest_route=\/wp\/v2\/posts"}],"about":[{"href":"https:\/\/www.ocorreionews.com.br\/acervo-correio\/index.php?rest_route=\/wp\/v2\/types\/post"}],"author":[{"embeddable":true,"href":"https:\/\/www.ocorreionews.com.br\/acervo-correio\/index.php?rest_route=\/wp\/v2\/users\/4"}],"replies":[{"embeddable":true,"href":"https:\/\/www.ocorreionews.com.br\/acervo-correio\/index.php?rest_route=%2Fwp%2Fv2%2Fcomments&post=7055"}],"version-history":[{"count":0,"href":"https:\/\/www.ocorreionews.com.br\/acervo-correio\/index.php?rest_route=\/wp\/v2\/posts\/7055\/revisions"}],"wp:featuredmedia":[{"embeddable":true,"href":"https:\/\/www.ocorreionews.com.br\/acervo-correio\/index.php?rest_route=\/wp\/v2\/media\/6563"}],"wp:attachment":[{"href":"https:\/\/www.ocorreionews.com.br\/acervo-correio\/index.php?rest_route=%2Fwp%2Fv2%2Fmedia&parent=7055"}],"wp:term":[{"taxonomy":"category","embeddable":true,"href":"https:\/\/www.ocorreionews.com.br\/acervo-correio\/index.php?rest_route=%2Fwp%2Fv2%2Fcategories&post=7055"},{"taxonomy":"post_tag","embeddable":true,"href":"https:\/\/www.ocorreionews.com.br\/acervo-correio\/index.php?rest_route=%2Fwp%2Fv2%2Ftags&post=7055"}],"curies":[{"name":"wp","href":"https:\/\/api.w.org\/{rel}","templated":true}]}}