{"id":7091,"date":"2015-08-06T15:14:32","date_gmt":"2015-08-06T19:14:32","guid":{"rendered":"https:\/\/ocorreionews.com.br\/?p=7091"},"modified":"2015-08-06T15:14:32","modified_gmt":"2015-08-06T19:14:32","slug":"prf-prende-motorista-embriagado-que-tentava-se-matar-na-br-163","status":"publish","type":"post","link":"https:\/\/www.ocorreionews.com.br\/acervo-correio\/?p=7091","title":{"rendered":"PRF prende motorista embriagado que tentava se matar na BR-163"},"content":{"rendered":"<p>Em completo estado de embriaguez, um t\u00e9cnico em inform\u00e1tica, de 25 anos, foi preso por volta das 6h15 desta quinta-feira (6), ap\u00f3s ser flagrado pela PRF (Pol\u00edcia Rodovi\u00e1ria Federal) conduzindo um ve\u00edculo na BR-163, em Coxim. O jovem alegava que queria se matar por motivos pessoais.<\/p>\n<p>Os policiais rodovi\u00e1rios receberam uma den\u00fancia de que o condutor de um Fiat Palio, com placas de Santar\u00e9m (PA), seguia pela BR-163 de forma irregular, fazendo ultrapassagens perigosas e em seguida mostrava uma garrafa de bebida pela janela do ve\u00edculo.<\/p>\n<p>O condutor foi abordado pelos policiais no quil\u00f4metro 743 da rodovia e submetido ao teste do baf\u00f4metro, que acusou 1,02 mg\/l, constatando a embriaguez. Dentro do carro os policiais encontraram uma garrafa de vodka.<\/p>\n<p>O jovem contou \u00e0 imprensa que saiu de Campo Grande (MS) e seguia para Cuiab\u00e1 (MT), mas pretendia se matar por motivos pessoais.<\/p>\n<p>Completamente embriagado, o autor chegou a dormir enquanto os policiais confeccionavam o boletim de ocorr\u00eancia e teve que ser levado para a Delegacia de Pol\u00edcia Civil em uma viatura da CCR MSVia.<\/p>\n<p>Ele foi autuado em flagrante pelo delgado Gustavo Mussi e vai responder por por embriaguez ao volante.<\/p>\n<p>&nbsp;<\/p>\n<p>&nbsp;<\/p>\n<p>Fonte: Edi\u00e7\u00e3o de Noticias<\/p>\n","protected":false},"excerpt":{"rendered":"<p>Em completo estado de embriaguez, um t\u00e9cnico em inform\u00e1tica, de 25 anos, foi preso por volta das 6h15 desta quinta-feira (6), ap\u00f3s ser flagrado pela PRF (Pol\u00edcia Rodovi\u00e1ria Federal) conduzindo um ve\u00edculo na BR-163, em Coxim. O jovem alegava que queria se matar por motivos pessoais. Os policiais rodovi\u00e1rios receberam uma den\u00fancia de que o [&hellip;]<\/p>\n","protected":false},"author":4,"featured_media":7092,"comment_status":"closed","ping_status":"closed","sticky":false,"template":"","format":"standard","meta":{"footnotes":""},"categories":[38],"tags":[],"class_list":["post-7091","post","type-post","status-publish","format-standard","has-post-thumbnail","hentry","category-policia"],"_links":{"self":[{"href":"https:\/\/www.ocorreionews.com.br\/acervo-correio\/index.php?rest_route=\/wp\/v2\/posts\/7091","targetHints":{"allow":["GET"]}}],"collection":[{"href":"https:\/\/www.ocorreionews.com.br\/acervo-correio\/index.php?rest_route=\/wp\/v2\/posts"}],"about":[{"href":"https:\/\/www.ocorreionews.com.br\/acervo-correio\/index.php?rest_route=\/wp\/v2\/types\/post"}],"author":[{"embeddable":true,"href":"https:\/\/www.ocorreionews.com.br\/acervo-correio\/index.php?rest_route=\/wp\/v2\/users\/4"}],"replies":[{"embeddable":true,"href":"https:\/\/www.ocorreionews.com.br\/acervo-correio\/index.php?rest_route=%2Fwp%2Fv2%2Fcomments&post=7091"}],"version-history":[{"count":0,"href":"https:\/\/www.ocorreionews.com.br\/acervo-correio\/index.php?rest_route=\/wp\/v2\/posts\/7091\/revisions"}],"wp:featuredmedia":[{"embeddable":true,"href":"https:\/\/www.ocorreionews.com.br\/acervo-correio\/index.php?rest_route=\/wp\/v2\/media\/7092"}],"wp:attachment":[{"href":"https:\/\/www.ocorreionews.com.br\/acervo-correio\/index.php?rest_route=%2Fwp%2Fv2%2Fmedia&parent=7091"}],"wp:term":[{"taxonomy":"category","embeddable":true,"href":"https:\/\/www.ocorreionews.com.br\/acervo-correio\/index.php?rest_route=%2Fwp%2Fv2%2Fcategories&post=7091"},{"taxonomy":"post_tag","embeddable":true,"href":"https:\/\/www.ocorreionews.com.br\/acervo-correio\/index.php?rest_route=%2Fwp%2Fv2%2Ftags&post=7091"}],"curies":[{"name":"wp","href":"https:\/\/api.w.org\/{rel}","templated":true}]}}