{"id":7094,"date":"2015-08-06T15:19:39","date_gmt":"2015-08-06T19:19:39","guid":{"rendered":"https:\/\/ocorreionews.com.br\/?p=7094"},"modified":"2015-08-06T15:19:39","modified_gmt":"2015-08-06T19:19:39","slug":"vira-lata-morre-deprimida-apos-morte-do-dono-diz-familia","status":"publish","type":"post","link":"https:\/\/www.ocorreionews.com.br\/acervo-correio\/?p=7094","title":{"rendered":"Vira-lata morre deprimida ap\u00f3s morte do dono, diz fam\u00edlia"},"content":{"rendered":"<p>Uma hist\u00f3ria de amor entre o c\u00e3o e seu dono chamou aten\u00e7\u00e3o de moradores de Novo Horizonte (SP), cidade com pouco mais de 35 mil habitantes. O aposentado Ces\u00e1rio Cespedes Valverde, de 69 anos, morreu no dia 1\u00ba de junho. Ele era dono da vira-lata Fila e por causa da morte de Ces\u00e1rio, a cadelinha teria ficado deprimida e morreu no \u00faltimo s\u00e1bado (1\u00ba), justamente dois meses ap\u00f3s a morte do dono.<\/p>\n<p>Fila, como era chamada, acompanhava o dono em todos os passeios que fazia pela cidade, como supermercado, lot\u00e9rica, padaria, pra\u00e7a. Segundo a fam\u00edlia, com a morte de Ces\u00e1rio, a cachorra passou a chorar todos os dias e se recusava a comer. \u201cDepois que ele morreu ela foi ficando triste, n\u00e3o comia mais nada, \u00fanica coisa que fazia era beber \u00e1gua. N\u00e3o queria mais sair de casa, foi ficando cada vez mais deprimida, parecia que sentia a falta dele\u201d, afirma Maria L\u00facia Duarte Cespedes, vi\u00fava de Ces\u00e1rio.<\/p>\n<div class=\"saibamais componente_materia\">Maria L\u00facia conta que Ces\u00e1rio adotou Fila h\u00e1 oito anos, quando ele a viu na rua, muito magra e debilitada. Ces\u00e1rio a alimentou e deu carinho e, desde ent\u00e3o, os dois n\u00e3o se desgrudavam mais. Por ser um morador antigo na cidade, todos conheciam a hist\u00f3ria de Ces\u00e1rio e Fila. \u201cTodo mundo conhecia a hist\u00f3ria deles, eles viviam andando pelas ruas juntos. Onde o Ces\u00e1rio estava, a Fila estava atr\u00e1s dele\u201d, afirma Maria L\u00facia.<\/div>\n<p>Ces\u00e1rio morreu por causa de um infarto e, para Maria L\u00facia, um fato que marcou muito o amor de Fila pelo dono foi quando o aposentado foi socorrido. \u201cQuando ele passou mal, os bombeiros vieram busc\u00e1-lo e a Fila foi atr\u00e1s da ambul\u00e2ncia. Quando chegamos ao hospital ela estava l\u00e1 na porta, parece que ela sabia o que iria acontecer\u201d, relembra.<\/p>\n<p>Maria L\u00facia explica que depois da morte de Ces\u00e1rio levou a Fila v\u00e1rias vezes ao veterin\u00e1rio para tentar descobrir o que ela tinha, j\u00e1 que n\u00e3o estava comendo e vivia pelos cantos da casa. \u201cEla fez exames, deram inje\u00e7\u00e3o para fortalecer, mas um dos veterin\u00e1rios disse que ela estava triste mesmo, que n\u00e3o tinha problemas de sa\u00fade\u201d, afirma.<\/p>\n<p>A hist\u00f3ria de amor entre o aposentado e a cachorra ganhou destque at\u00e9 nas redes sociais. O morador Marco Ant\u00f4nio Rodrigues, que \u00e9 volunt\u00e1rio em uma associa\u00e7\u00e3o de prote\u00e7\u00e3o de animais na cidade, postou a hist\u00f3ria na internet e ganhou dezenas de compartilhamentos. \u201c\u00c9 uma hist\u00f3ria muito triste. Ele morava perto de casa e sempre via os dois juntos. Isso mostra o amor de um animal pelo seu dono. Quando a gente v\u00ea hist\u00f3rias assim, fica se imaginando como algu\u00e9m pode ainda judiar de um cachorro\u201d, afirma.<\/p>\n<div class=\"foto componente_materia midia-largura-620\">\n<figure style=\"width: 620px\" class=\"wp-caption alignnone\"><img loading=\"lazy\" decoding=\"async\" title=\"Hist\u00f3ria de Ces\u00e1rio e Fila ganhou as redes sociais (Foto: Reprodu\u00e7\u00e3o \/Facebook)\" src=\"http:\/\/s2.glbimg.com\/ZATVJT8onohELeQQijx4NTrriFo=\/620x465\/s.glbimg.com\/jo\/g1\/f\/original\/2015\/08\/05\/cachorro.jpg\" alt=\"Hist\u00f3ria de Ces\u00e1rio e Fila ganhou as redes sociais (Foto: Reprodu\u00e7\u00e3o \/Facebook)\" width=\"620\" height=\"465\" \/><figcaption class=\"wp-caption-text\">Hist\u00f3ria de Ces\u00e1rio e Fila ganhou as redes sociais (Foto: Reprodu\u00e7\u00e3o \/Facebook)<\/figcaption><\/figure>\n<\/div>\n","protected":false},"excerpt":{"rendered":"<p>Uma hist\u00f3ria de amor entre o c\u00e3o e seu dono chamou aten\u00e7\u00e3o de moradores de Novo Horizonte (SP), cidade com pouco mais de 35 mil habitantes. O aposentado Ces\u00e1rio Cespedes Valverde, de 69 anos, morreu no dia 1\u00ba de junho. Ele era dono da vira-lata Fila e por causa da morte de Ces\u00e1rio, a cadelinha [&hellip;]<\/p>\n","protected":false},"author":4,"featured_media":7095,"comment_status":"closed","ping_status":"closed","sticky":false,"template":"","format":"standard","meta":{"footnotes":""},"categories":[31],"tags":[],"class_list":["post-7094","post","type-post","status-publish","format-standard","has-post-thumbnail","hentry","category-geral"],"_links":{"self":[{"href":"https:\/\/www.ocorreionews.com.br\/acervo-correio\/index.php?rest_route=\/wp\/v2\/posts\/7094","targetHints":{"allow":["GET"]}}],"collection":[{"href":"https:\/\/www.ocorreionews.com.br\/acervo-correio\/index.php?rest_route=\/wp\/v2\/posts"}],"about":[{"href":"https:\/\/www.ocorreionews.com.br\/acervo-correio\/index.php?rest_route=\/wp\/v2\/types\/post"}],"author":[{"embeddable":true,"href":"https:\/\/www.ocorreionews.com.br\/acervo-correio\/index.php?rest_route=\/wp\/v2\/users\/4"}],"replies":[{"embeddable":true,"href":"https:\/\/www.ocorreionews.com.br\/acervo-correio\/index.php?rest_route=%2Fwp%2Fv2%2Fcomments&post=7094"}],"version-history":[{"count":0,"href":"https:\/\/www.ocorreionews.com.br\/acervo-correio\/index.php?rest_route=\/wp\/v2\/posts\/7094\/revisions"}],"wp:featuredmedia":[{"embeddable":true,"href":"https:\/\/www.ocorreionews.com.br\/acervo-correio\/index.php?rest_route=\/wp\/v2\/media\/7095"}],"wp:attachment":[{"href":"https:\/\/www.ocorreionews.com.br\/acervo-correio\/index.php?rest_route=%2Fwp%2Fv2%2Fmedia&parent=7094"}],"wp:term":[{"taxonomy":"category","embeddable":true,"href":"https:\/\/www.ocorreionews.com.br\/acervo-correio\/index.php?rest_route=%2Fwp%2Fv2%2Fcategories&post=7094"},{"taxonomy":"post_tag","embeddable":true,"href":"https:\/\/www.ocorreionews.com.br\/acervo-correio\/index.php?rest_route=%2Fwp%2Fv2%2Ftags&post=7094"}],"curies":[{"name":"wp","href":"https:\/\/api.w.org\/{rel}","templated":true}]}}