{"id":7307,"date":"2015-08-08T17:20:19","date_gmt":"2015-08-08T21:20:19","guid":{"rendered":"https:\/\/ocorreionews.com.br\/?p=7307"},"modified":"2015-08-08T17:20:19","modified_gmt":"2015-08-08T21:20:19","slug":"motorista-embriagado-atropela-astra-na-ms-306","status":"publish","type":"post","link":"https:\/\/www.ocorreionews.com.br\/acervo-correio\/?p=7307","title":{"rendered":"Motorista embriagado atropela Astra na MS 306"},"content":{"rendered":"<p style=\"text-align: justify;\">Na tarde deste s\u00e1bado, por pouco uma fam\u00edlia n\u00e3o teve suas vidas ceifadas, por um motorista embriagado, que conduzia uma carreta bitrem pela a MS 306, em frente em frente ao armaz\u00e9m da Agromano.<\/p>\n<p style=\"text-align: justify;\">Segundo informa\u00e7\u00f5es das vitimas, eles estavam vindo de Mineiros com destino a fazenda Campo Bom, quando ao diminu\u00edrem a velocidade do carro, pelo fato de outra carreta estar em sua frente, foram abalados na traseira do Astra, pelo Bitrem, que tinha como condutor Silvano Brito Pereira. 28, anos.<\/p>\n<p style=\"text-align: justify;\"><a href=\"https:\/\/ocorreionews.com.br\/wp-content\/uploads\/2015\/08\/DSC_6280.jpg\"><img loading=\"lazy\" decoding=\"async\" class=\"alignnone  wp-image-7308\" src=\"https:\/\/ocorreionews.com.br\/wp-content\/uploads\/2015\/08\/DSC_6280.jpg\" alt=\"DSC_6280\" width=\"501\" height=\"333\" srcset=\"https:\/\/www.ocorreionews.com.br\/acervo-correio\/wp-content\/uploads\/2015\/08\/DSC_6280.jpg 600w, https:\/\/www.ocorreionews.com.br\/acervo-correio\/wp-content\/uploads\/2015\/08\/DSC_6280-300x200.jpg 300w\" sizes=\"auto, (max-width: 501px) 100vw, 501px\" \/><\/a><\/p>\n<p style=\"text-align: justify;\">Com o impacto o carro foi arremessado para fora da estrada e o motorista do Bitrem n\u00e3o parou para prestar socorro e seguiu para Chapad\u00e3o do Sul. A fam\u00edlia nada sofreu. Testemunhas acionaram a PM e deram as devidas informa\u00e7\u00f5es da carreta.<\/p>\n<p style=\"text-align: justify;\">A Policia Militar de posse das informa\u00e7\u00f5es da carreta iniciou as busca e conseguiram deter o motorista, no per\u00edmetro urbano da cidade. Segundo os policias, ele disse que estava fugindo do flagrante e que n\u00e3o se importava com a fam\u00edlia e que tivesse sido mais grave seria preso e pronto. O mesmo estava em vis\u00edvel estado de embriaguez.<\/p>\n<p style=\"text-align: justify;\">Silvano foi preso e entregue na Policia Civil para as devidas providencias<\/p>\n","protected":false},"excerpt":{"rendered":"<p>Na tarde deste s\u00e1bado, por pouco uma fam\u00edlia n\u00e3o teve suas vidas ceifadas, por um motorista embriagado, que conduzia uma carreta bitrem pela a MS 306, em frente em frente ao armaz\u00e9m da Agromano. Segundo informa\u00e7\u00f5es das vitimas, eles estavam vindo de Mineiros com destino a fazenda Campo Bom, quando ao diminu\u00edrem a velocidade do [&hellip;]<\/p>\n","protected":false},"author":4,"featured_media":7309,"comment_status":"closed","ping_status":"closed","sticky":false,"template":"","format":"standard","meta":{"footnotes":""},"categories":[23,38],"tags":[],"class_list":["post-7307","post","type-post","status-publish","format-standard","has-post-thumbnail","hentry","category-chapadao-do-sul","category-policia"],"_links":{"self":[{"href":"https:\/\/www.ocorreionews.com.br\/acervo-correio\/index.php?rest_route=\/wp\/v2\/posts\/7307","targetHints":{"allow":["GET"]}}],"collection":[{"href":"https:\/\/www.ocorreionews.com.br\/acervo-correio\/index.php?rest_route=\/wp\/v2\/posts"}],"about":[{"href":"https:\/\/www.ocorreionews.com.br\/acervo-correio\/index.php?rest_route=\/wp\/v2\/types\/post"}],"author":[{"embeddable":true,"href":"https:\/\/www.ocorreionews.com.br\/acervo-correio\/index.php?rest_route=\/wp\/v2\/users\/4"}],"replies":[{"embeddable":true,"href":"https:\/\/www.ocorreionews.com.br\/acervo-correio\/index.php?rest_route=%2Fwp%2Fv2%2Fcomments&post=7307"}],"version-history":[{"count":0,"href":"https:\/\/www.ocorreionews.com.br\/acervo-correio\/index.php?rest_route=\/wp\/v2\/posts\/7307\/revisions"}],"wp:featuredmedia":[{"embeddable":true,"href":"https:\/\/www.ocorreionews.com.br\/acervo-correio\/index.php?rest_route=\/wp\/v2\/media\/7309"}],"wp:attachment":[{"href":"https:\/\/www.ocorreionews.com.br\/acervo-correio\/index.php?rest_route=%2Fwp%2Fv2%2Fmedia&parent=7307"}],"wp:term":[{"taxonomy":"category","embeddable":true,"href":"https:\/\/www.ocorreionews.com.br\/acervo-correio\/index.php?rest_route=%2Fwp%2Fv2%2Fcategories&post=7307"},{"taxonomy":"post_tag","embeddable":true,"href":"https:\/\/www.ocorreionews.com.br\/acervo-correio\/index.php?rest_route=%2Fwp%2Fv2%2Ftags&post=7307"}],"curies":[{"name":"wp","href":"https:\/\/api.w.org\/{rel}","templated":true}]}}