{"id":7320,"date":"2015-08-08T22:20:08","date_gmt":"2015-08-09T02:20:08","guid":{"rendered":"https:\/\/ocorreionews.com.br\/?p=7320"},"modified":"2015-08-09T05:56:32","modified_gmt":"2015-08-09T09:56:32","slug":"jovem-medico-de-jatai-morre-em-capotamento-na-go-206","status":"publish","type":"post","link":"https:\/\/www.ocorreionews.com.br\/acervo-correio\/?p=7320","title":{"rendered":"Jovem m\u00e9dico de Jata\u00ed morre em capotamento na GO 206"},"content":{"rendered":"<p>Segundo as primeiras informa\u00e7\u00f5es morreu\u00a0neste s\u00e1bado \u00a0(08), em um acidente de tr\u00e2nsito na GO 206 a cerca de 20 km\u00a0 de \u00a0Chapad\u00e3o do C\u00e9u-GO, o m\u00e9dico,\u00a0Oraldo De Carvalho Neto, de 33 anos, \u00a0de <strong>Jata\u00ed Goi\u00e1s<\/strong>.<\/p>\n<p><a href=\"http:\/\/plantaojti.com.br\/wp-content\/uploads\/2015\/08\/10676299_369673566513109_2854481470451947433_n.jpg\" rel=\"lightbox-0\"><img loading=\"lazy\" decoding=\"async\" class=\"size-medium wp-image-38333\" src=\"http:\/\/plantaojti.com.br\/wp-content\/uploads\/2015\/08\/10676299_369673566513109_2854481470451947433_n-153x220.jpg\" alt=\" Oraldo De Carvalho Neto, de 33 ano\" width=\"153\" height=\"220\" \/><\/a><\/p>\n<p>O acidente tipo capotamento \u00a0aconteceu no final desta tarde. Oraldo \u00a0estava indo a Chapad\u00e3o do C\u00e9u participar de uma cavalgada.<\/p>\n<p>O ve\u00edculo que ele estava era uma Camionete \u00a0Chevrolet Silverado, ainda n\u00e3o se sabe o que causou o acidente, o seu corpo parou distante do veiculo.<\/p>\n<p>O m\u00e9dico trabalhava no SAMU e era diretor clinico do Hospital S\u00e3o Francisco Unidade Jata\u00ed, a equipe do IML de Jata\u00ed esta neste momento no local do\u00a0acidente removendo\u00a0corpo para Jata\u00ed.<\/p>\n<p>Plant\u00e3o JTI<\/p>\n","protected":false},"excerpt":{"rendered":"<p>Segundo as primeiras informa\u00e7\u00f5es morreu\u00a0neste s\u00e1bado \u00a0(08), em um acidente de tr\u00e2nsito na GO 206 a cerca de 20 km\u00a0 de \u00a0Chapad\u00e3o do C\u00e9u-GO, o m\u00e9dico,\u00a0Oraldo De Carvalho Neto, de 33 anos, \u00a0de Jata\u00ed Goi\u00e1s. O acidente tipo capotamento \u00a0aconteceu no final desta tarde. Oraldo \u00a0estava indo a Chapad\u00e3o do C\u00e9u participar de uma cavalgada. [&hellip;]<\/p>\n","protected":false},"author":4,"featured_media":7321,"comment_status":"closed","ping_status":"closed","sticky":false,"template":"","format":"standard","meta":{"footnotes":""},"categories":[22,38],"tags":[],"class_list":["post-7320","post","type-post","status-publish","format-standard","has-post-thumbnail","hentry","category-chapadao-do-ceu","category-policia"],"_links":{"self":[{"href":"https:\/\/www.ocorreionews.com.br\/acervo-correio\/index.php?rest_route=\/wp\/v2\/posts\/7320","targetHints":{"allow":["GET"]}}],"collection":[{"href":"https:\/\/www.ocorreionews.com.br\/acervo-correio\/index.php?rest_route=\/wp\/v2\/posts"}],"about":[{"href":"https:\/\/www.ocorreionews.com.br\/acervo-correio\/index.php?rest_route=\/wp\/v2\/types\/post"}],"author":[{"embeddable":true,"href":"https:\/\/www.ocorreionews.com.br\/acervo-correio\/index.php?rest_route=\/wp\/v2\/users\/4"}],"replies":[{"embeddable":true,"href":"https:\/\/www.ocorreionews.com.br\/acervo-correio\/index.php?rest_route=%2Fwp%2Fv2%2Fcomments&post=7320"}],"version-history":[{"count":0,"href":"https:\/\/www.ocorreionews.com.br\/acervo-correio\/index.php?rest_route=\/wp\/v2\/posts\/7320\/revisions"}],"wp:featuredmedia":[{"embeddable":true,"href":"https:\/\/www.ocorreionews.com.br\/acervo-correio\/index.php?rest_route=\/wp\/v2\/media\/7321"}],"wp:attachment":[{"href":"https:\/\/www.ocorreionews.com.br\/acervo-correio\/index.php?rest_route=%2Fwp%2Fv2%2Fmedia&parent=7320"}],"wp:term":[{"taxonomy":"category","embeddable":true,"href":"https:\/\/www.ocorreionews.com.br\/acervo-correio\/index.php?rest_route=%2Fwp%2Fv2%2Fcategories&post=7320"},{"taxonomy":"post_tag","embeddable":true,"href":"https:\/\/www.ocorreionews.com.br\/acervo-correio\/index.php?rest_route=%2Fwp%2Fv2%2Ftags&post=7320"}],"curies":[{"name":"wp","href":"https:\/\/api.w.org\/{rel}","templated":true}]}}