{"id":7415,"date":"2015-08-10T08:46:34","date_gmt":"2015-08-10T12:46:34","guid":{"rendered":"https:\/\/ocorreionews.com.br\/?p=7415"},"modified":"2015-08-10T08:46:34","modified_gmt":"2015-08-10T12:46:34","slug":"waldeli-ministra-palestra-educativa-sobre-o-combate-as-drogas-em-alcinopolis","status":"publish","type":"post","link":"https:\/\/www.ocorreionews.com.br\/acervo-correio\/?p=7415","title":{"rendered":"Waldeli ministra palestra educativa sobre o combate \u00e0s drogas em Alcin\u00f3polis"},"content":{"rendered":"<div>O uso de subst\u00e2ncias l\u00edcitas e\/ou il\u00edcitas que prejudicam e provocam altera\u00e7\u00f5es no organismo, foi um dos assuntos abordados pelo prefeito de Costa Rica \u2013 MS, Waldeli dos Santos Rosa ao ministrar palestra na tarde desta sexta-feira (07), durante a realiza\u00e7\u00e3o do primeiro evento de \u201cConscientiza\u00e7\u00e3o sobre Alcoolismo e Drogas do Projeto Alcin\u00f3polis Contra as Drogas\u201d.<\/div>\n<div><\/div>\n<div>Waldeli foi recepcionado pelo prefeito de Alcin\u00f3polis Ildomar Carneiro e pelo Deputado Estadual Eduardo Rocha tamb\u00e9m palestrante no evento. O chefe do Executivo de Costa Rica foi Munic\u00edpio vizinho atendendo ao convite do vereador Marcos Ant\u00f4nio \u201cMarc\u00e3o\u201d idealizador do projeto em Alcin\u00f3polis juntamente com a equipe do COMAD \u2013 Conselho Municipal Antidrogas.<\/div>\n<div><\/div>\n<div>Diante do Plen\u00e1rio lotado da C\u00e2mara Municipal de Vereadores de Alcin\u00f3polis, Waldeli alertou o publico presente os jovens que prestigiavam sua palestra contra os malef\u00edcios que as drogas podem trazer para a vida das pessoas. \u201cEntendam que as drogas agem sobre o sistema nervoso alterando o comportamento, estado mental, apar\u00eancia f\u00edsica dentre outras consequ\u00eancias podem comprometer a vida humana\u201d.<\/div>\n<div><\/div>\n<div>Durante sua explana\u00e7\u00e3o o prefeito Waldeli falou sobre o sucesso do Programa Novos Sonhos que oferece contra turno aos alunos e que foi criado com objetivo de ser mais um apoio para o Projeto Costa Rica sem Drogas.<\/div>\n<div><\/div>\n<div>\u201cS\u00e3o as Drogas o mal do s\u00e9culo, elas que permeiam a sociedade e colocam em risco os nossos jovens. Por isso \u00e9 muito importante a realiza\u00e7\u00e3o desse evento, pois \u00e9 preciso que tenha uma constante orienta\u00e7\u00e3o, apoio, di\u00e1logo a fim de combater realidades indesejadas\u201d, alertou Waldeli.<\/div>\n<div><\/div>\n<div>Acompanharam o prefeito Waldeli, a presidente do COMAD de Costa Rica e subsecret\u00e1ria Municipal de Educa\u00e7\u00e3o Prof\u00aa. Dulcineia Rosa, a vice-presidente da UNDIME &#8211; Uni\u00e3o Nacional dos Dirigentes em Educa\u00e7\u00e3o \u2013 e gestora Municipal Prof\u00aa. Me. Manuelina Martins da Silva Arantes Cabral, os vereadores Lucas L\u00e1zaro e Rayner Moraes, o vice-prefeito Roberto Rodrigues, o secret\u00e1rio de Agricultura e Desenvolvimento Keyler Simey Garcia Barbosa, e ainda o delegado Cleverson Alves dos Santos e o vice-presidente do COMAD Am\u00e9dio Pelegrini.<\/div>\n<div><\/div>\n<div>\u201cA 1\u00aa Conscientiza\u00e7\u00e3o sobre Alcoolismo e Drogas do Projeto Alcin\u00f3polis Contra as Drogas\u201d tamb\u00e9m ter\u00e1 como palestra na noite desta sexta-feira, o juiz Federal Odilon de Oliveira.<\/div>\n<div><\/div>\n<div><a href=\"https:\/\/ocorreionews.com.br\/wp-content\/uploads\/2015\/08\/palestra-alcinopolis.jpg\"><img loading=\"lazy\" decoding=\"async\" class=\"alignnone  wp-image-7419\" src=\"https:\/\/ocorreionews.com.br\/wp-content\/uploads\/2015\/08\/palestra-alcinopolis.jpg\" alt=\"palestra alcinopolis\" width=\"381\" height=\"254\" srcset=\"https:\/\/www.ocorreionews.com.br\/acervo-correio\/wp-content\/uploads\/2015\/08\/palestra-alcinopolis.jpg 630w, https:\/\/www.ocorreionews.com.br\/acervo-correio\/wp-content\/uploads\/2015\/08\/palestra-alcinopolis-300x200.jpg 300w\" sizes=\"auto, (max-width: 381px) 100vw, 381px\" \/><\/a><\/div>\n<div><\/div>\n<div>Fonte: Costa Rica em Foco<\/div>\n","protected":false},"excerpt":{"rendered":"<p>O uso de subst\u00e2ncias l\u00edcitas e\/ou il\u00edcitas que prejudicam e provocam altera\u00e7\u00f5es no organismo, foi um dos assuntos abordados pelo prefeito de Costa Rica \u2013 MS, Waldeli dos Santos Rosa ao ministrar palestra na tarde desta sexta-feira (07), durante a realiza\u00e7\u00e3o do primeiro evento de \u201cConscientiza\u00e7\u00e3o sobre Alcoolismo e Drogas do Projeto Alcin\u00f3polis Contra as [&hellip;]<\/p>\n","protected":false},"author":4,"featured_media":7420,"comment_status":"closed","ping_status":"closed","sticky":false,"template":"","format":"standard","meta":{"footnotes":""},"categories":[18,25],"tags":[],"class_list":["post-7415","post","type-post","status-publish","format-standard","has-post-thumbnail","hentry","category-alcinopolis","category-costa-rica"],"_links":{"self":[{"href":"https:\/\/www.ocorreionews.com.br\/acervo-correio\/index.php?rest_route=\/wp\/v2\/posts\/7415","targetHints":{"allow":["GET"]}}],"collection":[{"href":"https:\/\/www.ocorreionews.com.br\/acervo-correio\/index.php?rest_route=\/wp\/v2\/posts"}],"about":[{"href":"https:\/\/www.ocorreionews.com.br\/acervo-correio\/index.php?rest_route=\/wp\/v2\/types\/post"}],"author":[{"embeddable":true,"href":"https:\/\/www.ocorreionews.com.br\/acervo-correio\/index.php?rest_route=\/wp\/v2\/users\/4"}],"replies":[{"embeddable":true,"href":"https:\/\/www.ocorreionews.com.br\/acervo-correio\/index.php?rest_route=%2Fwp%2Fv2%2Fcomments&post=7415"}],"version-history":[{"count":0,"href":"https:\/\/www.ocorreionews.com.br\/acervo-correio\/index.php?rest_route=\/wp\/v2\/posts\/7415\/revisions"}],"wp:featuredmedia":[{"embeddable":true,"href":"https:\/\/www.ocorreionews.com.br\/acervo-correio\/index.php?rest_route=\/wp\/v2\/media\/7420"}],"wp:attachment":[{"href":"https:\/\/www.ocorreionews.com.br\/acervo-correio\/index.php?rest_route=%2Fwp%2Fv2%2Fmedia&parent=7415"}],"wp:term":[{"taxonomy":"category","embeddable":true,"href":"https:\/\/www.ocorreionews.com.br\/acervo-correio\/index.php?rest_route=%2Fwp%2Fv2%2Fcategories&post=7415"},{"taxonomy":"post_tag","embeddable":true,"href":"https:\/\/www.ocorreionews.com.br\/acervo-correio\/index.php?rest_route=%2Fwp%2Fv2%2Ftags&post=7415"}],"curies":[{"name":"wp","href":"https:\/\/api.w.org\/{rel}","templated":true}]}}