{"id":7430,"date":"2015-08-10T10:02:27","date_gmt":"2015-08-10T14:02:27","guid":{"rendered":"https:\/\/ocorreionews.com.br\/?p=7430"},"modified":"2015-08-10T10:02:27","modified_gmt":"2015-08-10T14:02:27","slug":"nova-reuniao-devera-ser-marcada-para-definir-destino-de-recursos-para-o-projeto-conviver","status":"publish","type":"post","link":"https:\/\/www.ocorreionews.com.br\/acervo-correio\/?p=7430","title":{"rendered":"Nova reuni\u00e3o dever\u00e1 ser marcada para definir destino de recursos para o Projeto Conviver"},"content":{"rendered":"<p>A fim de buscar uma solu\u00e7\u00e3o definitiva para a situa\u00e7\u00e3o de um repasse feito pelo legislativo em dezembro passado, a vereadora Rosemari Cruz, juntamente com a Assessoria Jur\u00eddica da C\u00e2mara, participou de uma reuni\u00e3o no Centro de Conviv\u00eancia do Idoso que contou com a participa\u00e7\u00e3o da Secret\u00e1ria de Assist\u00eancia Social, Jeane Gleice Camargo Barros e da Secret\u00e1ria Adjunta de Governo, Ieda Dellay Borgelt.<\/p>\n<p>&nbsp;<\/p>\n<p>Ocorre que no fim do ano de 2014, a C\u00e2mara Municipal efetuou a devolu\u00e7\u00e3o da quantia de 20 mil reais para que fossem destinados a uma viagem dos membros do Projeto Conviver. Por\u00e9m, oito meses ap\u00f3s o repasse, at\u00e9 o momento nada foi apresentado em rela\u00e7\u00e3o a isso, nem uma posi\u00e7\u00e3o sobre a viagem nem uma presta\u00e7\u00e3o de contas sobre o recurso.<\/p>\n<p>&nbsp;<\/p>\n<p><img decoding=\"async\" src=\"http:\/\/www.camarachapadaodosul.ms.gov.br\/images\/conviver1.JPG\" alt=\"\" width=\"500\" border=\"0\" \/><\/p>\n<p>Durante a reuni\u00e3o a Secret\u00e1ria de Assist\u00eancia Social, Jeane Gleice Camargo Barros, explanou que, de acordo com um parecer da assessoria jur\u00eddica do executivo, os recursos n\u00e3o podem ser empregados para viagens tur\u00edsticas, e que desta forma impede que o recurso seja utilizado para este fim pelo Projeto Conviver. Em contrapartida, a secret\u00e1ria sugeriu que o valor fosse empregado em outras melhorias, como ar condicionado no sal\u00e3o, constru\u00e7\u00e3o de uma cancha de bocha ou de uma churrasqueira.<\/p>\n<p>&nbsp;<\/p>\n<p>O Assessor Jur\u00eddico da C\u00e2mara, Dr. Edmilson Junior, contestou as informa\u00e7\u00f5es apresentadas pela secret\u00e1ria e afirmou respeitar o parecer por ela apresentado, mas que fundamentado pelo Art. 220 da Lei Org\u00e2nica, que garante acesso ao Lazer aos idosos, n\u00e3o h\u00e1 problema para o emprego dos recursos na contrata\u00e7\u00e3o de \u00f4nibus para a viagem.<\/p>\n<p>&nbsp;<\/p>\n<p><img loading=\"lazy\" decoding=\"async\" src=\"http:\/\/www.camarachapadaodosul.ms.gov.br\/images\/conviver2.JPG\" alt=\"\" width=\"600\" height=\"400\" border=\"0\" \/><\/p>\n<p>Rosemari sugeriu ent\u00e3o que fosse marcada uma nova reuni\u00e3o, por\u00e9m com a presen\u00e7a das duas assessorias jur\u00eddicas, chegando ent\u00e3o a um consenso que beneficie o Projeto e que esteja de acordo com o jur\u00eddico do legislativo e executivo.<\/p>\n<p>&nbsp;<\/p>\n<p>Ieda Borgelt foi de total acordo com a nova reuni\u00e3o e assumiu o compromisso de marcar a data e comunicar a todos para a participa\u00e7\u00e3o da reuni\u00e3o que poder\u00e1 ser realizada na prefeitura ou na c\u00e2mara.<\/p>\n<p>&nbsp;<\/p>\n<p>Ainda segundo o assessor jur\u00eddico, v\u00e1rias viagens j\u00e1 foram feitas em outras \u00e9pocas e nenhuma foi questionada pelo tribunal de contas, fortalecendo cada vez mais teoria de que o recurso pode ser empregado para a viagem que \u00e9 a vontade dos membros do projeto e n\u00e3o em melhorias f\u00edsicas na estrutura do pr\u00e9dio.<\/p>\n<p>&nbsp;<\/p>\n<p>&nbsp;<\/p>\n<p>&nbsp;<\/p>\n<p>Assessoria C\u00e2mara<\/p>\n","protected":false},"excerpt":{"rendered":"<p>A fim de buscar uma solu\u00e7\u00e3o definitiva para a situa\u00e7\u00e3o de um repasse feito pelo legislativo em dezembro passado, a vereadora Rosemari Cruz, juntamente com a Assessoria Jur\u00eddica da C\u00e2mara, participou de uma reuni\u00e3o no Centro de Conviv\u00eancia do Idoso que contou com a participa\u00e7\u00e3o da Secret\u00e1ria de Assist\u00eancia Social, Jeane Gleice Camargo Barros e [&hellip;]<\/p>\n","protected":false},"author":4,"featured_media":7431,"comment_status":"closed","ping_status":"closed","sticky":false,"template":"","format":"standard","meta":{"footnotes":""},"categories":[20,23],"tags":[],"class_list":["post-7430","post","type-post","status-publish","format-standard","has-post-thumbnail","hentry","category-camara-municipal","category-chapadao-do-sul"],"_links":{"self":[{"href":"https:\/\/www.ocorreionews.com.br\/acervo-correio\/index.php?rest_route=\/wp\/v2\/posts\/7430","targetHints":{"allow":["GET"]}}],"collection":[{"href":"https:\/\/www.ocorreionews.com.br\/acervo-correio\/index.php?rest_route=\/wp\/v2\/posts"}],"about":[{"href":"https:\/\/www.ocorreionews.com.br\/acervo-correio\/index.php?rest_route=\/wp\/v2\/types\/post"}],"author":[{"embeddable":true,"href":"https:\/\/www.ocorreionews.com.br\/acervo-correio\/index.php?rest_route=\/wp\/v2\/users\/4"}],"replies":[{"embeddable":true,"href":"https:\/\/www.ocorreionews.com.br\/acervo-correio\/index.php?rest_route=%2Fwp%2Fv2%2Fcomments&post=7430"}],"version-history":[{"count":0,"href":"https:\/\/www.ocorreionews.com.br\/acervo-correio\/index.php?rest_route=\/wp\/v2\/posts\/7430\/revisions"}],"wp:featuredmedia":[{"embeddable":true,"href":"https:\/\/www.ocorreionews.com.br\/acervo-correio\/index.php?rest_route=\/wp\/v2\/media\/7431"}],"wp:attachment":[{"href":"https:\/\/www.ocorreionews.com.br\/acervo-correio\/index.php?rest_route=%2Fwp%2Fv2%2Fmedia&parent=7430"}],"wp:term":[{"taxonomy":"category","embeddable":true,"href":"https:\/\/www.ocorreionews.com.br\/acervo-correio\/index.php?rest_route=%2Fwp%2Fv2%2Fcategories&post=7430"},{"taxonomy":"post_tag","embeddable":true,"href":"https:\/\/www.ocorreionews.com.br\/acervo-correio\/index.php?rest_route=%2Fwp%2Fv2%2Ftags&post=7430"}],"curies":[{"name":"wp","href":"https:\/\/api.w.org\/{rel}","templated":true}]}}