{"id":7433,"date":"2015-08-10T10:27:01","date_gmt":"2015-08-10T14:27:01","guid":{"rendered":"https:\/\/ocorreionews.com.br\/?p=7433"},"modified":"2015-08-11T07:58:24","modified_gmt":"2015-08-11T11:58:24","slug":"preso-homem-acusado-de-colocar-fogo-em-caminhoes-na-cidade-de-chapadao","status":"publish","type":"post","link":"https:\/\/www.ocorreionews.com.br\/acervo-correio\/?p=7433","title":{"rendered":"Preso homem acusado de colocar fogo em caminh\u00f5es na cidade de Chapad\u00e3o"},"content":{"rendered":"<p style=\"text-align: justify;\">Marco Ant\u00f4nio da Silva (44) \u00e9 o nome do homem suspeito de ter ateado fogo em dois caminh\u00f5es e um bitrem na madrugada de s\u00e1bado em Chapad\u00e3o do Sul. Possui antecedentes criminais por v\u00e1rios crimes e foi denunciado por uma testemunha. Quando as pol\u00edcias Militar e Civil receberam informa\u00e7\u00f5es que poderiam revelar a identidade do incendi\u00e1rio imediatamente foi montada uma rede de informa\u00e7\u00f5es. Tr\u00eas Policiais Militares num carro descaracteriza fizeram buscas por todos os bairros da cidade at\u00e9 localizar Silva.<\/p>\n<p style=\"text-align: justify;\">Na manh\u00e3 de hoje o delegado Danilo Mansur confirmou que Marco Ant\u00f4nio da Silva \u00e9 mesmo o principal suspeito por v\u00e1rias provas que poder\u00e3o ser usadas contra ele perante a justi\u00e7a. O trabalho de investiga\u00e7\u00e3o segue hoje, mas as informa\u00e7\u00f5es colhidas pela pol\u00edcia possibilitaram a montagem de uma cronologia que coloca Silva no centro de um ato de terrorismo jamais visto em Chapad\u00e3o do Sul.<\/p>\n<p style=\"text-align: justify;\">Fontes que est\u00e3o sendo mantidas em sigilo confirmaram que ele saiu de casa por volta da 1 hora da madrugada.\u00a0\u00a0 O primeiro ataque se deu por volta das 4 horas em dois caminh\u00f5es Marcedez Benz estacionados na rua Jardim, nas imedia\u00e7\u00f5es da caixa d\u2019agua da rua Rio Grande do Sul com a Goi\u00e1s. Antes disso sobrou tempo para ele pegar o combust\u00edvel e acionar o piloto da moto usada para facilitar a fuga r\u00e1pida dos locais.<\/p>\n<p style=\"text-align: justify;\">O segundo inc\u00eandio, num bitrem de nove eixos estacionado na rua Jardim, se deu por volta das 4hs30. \u00a0Depois disso ele foi para casa, \u00e0s 5 horas, onde chegou com forte cheiro de gasolina nas roupas. Lavou as vestes impregnadas, mas n\u00e3o conseguiu eliminar os vest\u00edgios. Durante entrevista com o delegado ele n\u00e3o explicou onde esteve neste intervalo de tempo. A Pol\u00edcia Civil tamb\u00e9m conta com outras provas materiais que ainda n\u00e3o podem \u00a0ser reveladas para n\u00e3o colocar em risco a investiga\u00e7\u00e3o. Ele tamb\u00e9m pode ter participado do ataque a duas carretas em fevereiro deste ano na \u00e1rea central da cidade.<\/p>\n<p style=\"text-align: justify;\">Chapadensenews<\/p>\n","protected":false},"excerpt":{"rendered":"<p>Marco Ant\u00f4nio da Silva (44) \u00e9 o nome do homem suspeito de ter ateado fogo em dois caminh\u00f5es e um bitrem na madrugada de s\u00e1bado em Chapad\u00e3o do Sul. Possui antecedentes criminais por v\u00e1rios crimes e foi denunciado por uma testemunha. Quando as pol\u00edcias Militar e Civil receberam informa\u00e7\u00f5es que poderiam revelar a identidade do [&hellip;]<\/p>\n","protected":false},"author":4,"featured_media":7444,"comment_status":"closed","ping_status":"closed","sticky":false,"template":"","format":"standard","meta":{"footnotes":""},"categories":[23,38],"tags":[],"class_list":["post-7433","post","type-post","status-publish","format-standard","has-post-thumbnail","hentry","category-chapadao-do-sul","category-policia"],"_links":{"self":[{"href":"https:\/\/www.ocorreionews.com.br\/acervo-correio\/index.php?rest_route=\/wp\/v2\/posts\/7433","targetHints":{"allow":["GET"]}}],"collection":[{"href":"https:\/\/www.ocorreionews.com.br\/acervo-correio\/index.php?rest_route=\/wp\/v2\/posts"}],"about":[{"href":"https:\/\/www.ocorreionews.com.br\/acervo-correio\/index.php?rest_route=\/wp\/v2\/types\/post"}],"author":[{"embeddable":true,"href":"https:\/\/www.ocorreionews.com.br\/acervo-correio\/index.php?rest_route=\/wp\/v2\/users\/4"}],"replies":[{"embeddable":true,"href":"https:\/\/www.ocorreionews.com.br\/acervo-correio\/index.php?rest_route=%2Fwp%2Fv2%2Fcomments&post=7433"}],"version-history":[{"count":0,"href":"https:\/\/www.ocorreionews.com.br\/acervo-correio\/index.php?rest_route=\/wp\/v2\/posts\/7433\/revisions"}],"wp:featuredmedia":[{"embeddable":true,"href":"https:\/\/www.ocorreionews.com.br\/acervo-correio\/index.php?rest_route=\/wp\/v2\/media\/7444"}],"wp:attachment":[{"href":"https:\/\/www.ocorreionews.com.br\/acervo-correio\/index.php?rest_route=%2Fwp%2Fv2%2Fmedia&parent=7433"}],"wp:term":[{"taxonomy":"category","embeddable":true,"href":"https:\/\/www.ocorreionews.com.br\/acervo-correio\/index.php?rest_route=%2Fwp%2Fv2%2Fcategories&post=7433"},{"taxonomy":"post_tag","embeddable":true,"href":"https:\/\/www.ocorreionews.com.br\/acervo-correio\/index.php?rest_route=%2Fwp%2Fv2%2Ftags&post=7433"}],"curies":[{"name":"wp","href":"https:\/\/api.w.org\/{rel}","templated":true}]}}