{"id":7439,"date":"2015-08-10T10:32:13","date_gmt":"2015-08-10T14:32:13","guid":{"rendered":"https:\/\/ocorreionews.com.br\/?p=7439"},"modified":"2015-08-10T10:59:41","modified_gmt":"2015-08-10T14:59:41","slug":"jovem-de-chapadao-do-sul-precisa-d-doacao-de-sangue-o","status":"publish","type":"post","link":"https:\/\/www.ocorreionews.com.br\/acervo-correio\/?p=7439","title":{"rendered":"Jovem de Chapad\u00e3o do Sul precisa de doa\u00e7\u00e3o de sangue O negativo"},"content":{"rendered":"<p>A fam\u00edlia de Alyub Dentielly de Souza Almeida, est\u00e1 pedindo ajuda para que \u00e9 portador do tipo sanguinho O-, para fazer doa\u00e7\u00e3o urgente ao jovem.<\/p>\n<p>Est\u00e1 internada no Hospital Regional de Oncologia, 8\u00ba andar,\u00a0em Campo Grande<\/p>\n<p>Alyub Dentielly de Souza Almeida \u00e9 Ex-aluna da Escola Estadual Jorge Amado<\/p>\n<p>Contato pelo fone 9605.0503 (Gilmar &#8211; Pai)<\/p>\n","protected":false},"excerpt":{"rendered":"<p>A fam\u00edlia de Alyub Dentielly de Souza Almeida, est\u00e1 pedindo ajuda para que \u00e9 portador do tipo sanguinho O-, para fazer doa\u00e7\u00e3o urgente ao jovem. Est\u00e1 internada no Hospital Regional de Oncologia, 8\u00ba andar,\u00a0em Campo Grande Alyub Dentielly de Souza Almeida \u00e9 Ex-aluna da Escola Estadual Jorge Amado Contato pelo fone 9605.0503 (Gilmar &#8211; Pai)<\/p>\n","protected":false},"author":4,"featured_media":7440,"comment_status":"closed","ping_status":"closed","sticky":false,"template":"","format":"standard","meta":{"footnotes":""},"categories":[23],"tags":[],"class_list":["post-7439","post","type-post","status-publish","format-standard","has-post-thumbnail","hentry","category-chapadao-do-sul"],"_links":{"self":[{"href":"https:\/\/www.ocorreionews.com.br\/acervo-correio\/index.php?rest_route=\/wp\/v2\/posts\/7439","targetHints":{"allow":["GET"]}}],"collection":[{"href":"https:\/\/www.ocorreionews.com.br\/acervo-correio\/index.php?rest_route=\/wp\/v2\/posts"}],"about":[{"href":"https:\/\/www.ocorreionews.com.br\/acervo-correio\/index.php?rest_route=\/wp\/v2\/types\/post"}],"author":[{"embeddable":true,"href":"https:\/\/www.ocorreionews.com.br\/acervo-correio\/index.php?rest_route=\/wp\/v2\/users\/4"}],"replies":[{"embeddable":true,"href":"https:\/\/www.ocorreionews.com.br\/acervo-correio\/index.php?rest_route=%2Fwp%2Fv2%2Fcomments&post=7439"}],"version-history":[{"count":0,"href":"https:\/\/www.ocorreionews.com.br\/acervo-correio\/index.php?rest_route=\/wp\/v2\/posts\/7439\/revisions"}],"wp:featuredmedia":[{"embeddable":true,"href":"https:\/\/www.ocorreionews.com.br\/acervo-correio\/index.php?rest_route=\/wp\/v2\/media\/7440"}],"wp:attachment":[{"href":"https:\/\/www.ocorreionews.com.br\/acervo-correio\/index.php?rest_route=%2Fwp%2Fv2%2Fmedia&parent=7439"}],"wp:term":[{"taxonomy":"category","embeddable":true,"href":"https:\/\/www.ocorreionews.com.br\/acervo-correio\/index.php?rest_route=%2Fwp%2Fv2%2Fcategories&post=7439"},{"taxonomy":"post_tag","embeddable":true,"href":"https:\/\/www.ocorreionews.com.br\/acervo-correio\/index.php?rest_route=%2Fwp%2Fv2%2Ftags&post=7439"}],"curies":[{"name":"wp","href":"https:\/\/api.w.org\/{rel}","templated":true}]}}