{"id":7451,"date":"2015-08-10T12:04:31","date_gmt":"2015-08-10T16:04:31","guid":{"rendered":"https:\/\/ocorreionews.com.br\/?p=7451"},"modified":"2015-08-10T12:04:31","modified_gmt":"2015-08-10T16:04:31","slug":"nucleo-de-operacoes-taticas-tera-seu-lancamento-oficial-dia-24-2","status":"publish","type":"post","link":"https:\/\/www.ocorreionews.com.br\/acervo-correio\/?p=7451","title":{"rendered":"N\u00facleo de Opera\u00e7\u00f5es T\u00e1ticas ter\u00e1 seu lan\u00e7amento oficial dia 24"},"content":{"rendered":"<p style=\"text-align: justify;\">Na semana que passou a Presidente da C\u00e2mara, Sonia Maran, se reuniu com a Vice Prefeita Liza Scheide e com a Secret\u00e1ria de Governo Nilzete Pereira, a fim de decidir alguns detalhes para o evento de lan\u00e7amento do Notti (N\u00facleo de Opera\u00e7\u00f5es T\u00e1ticas e Investigativas do Interior) que acontecer\u00e1 na c\u00e2mara de vereadores as 10h no dia 24 de agosto.<\/p>\n<p style=\"text-align: justify;\">\u00a0O Notti \u00e9 basicamente um comando especial que funcionar\u00e1 24h em um monitoramento ostensivo em todo o munic\u00edpio, a fim de aumentar a seguran\u00e7a e reduzir os \u00edndices de criminalidade. Vale lembrar que o Notti teve seu projeto discutido dentro da c\u00e2mara e j\u00e1 aprovada a devolu\u00e7\u00e3o do duod\u00e9cimo em mar\u00e7o deste ano e por entraves burocr\u00e1ticos do pr\u00f3prio executivo o projeto s\u00f3 foi sair do papel definitivamente em junho durante o per\u00edodo em que vice prefeita Liza Scheide assumiu o cargo de Prefeita Interina.<\/p>\n<p style=\"text-align: justify;\">\u00a0A primeira parcela do repasse acordado entre o legislativo e o Conselho de Seguran\u00e7a j\u00e1 foi efetuado e soma a quantia de R$ 65.500,00 que foram depositados no dia 14 de julho. Segundo o Delegado Dr. Mansur e o Major Mussi, respons\u00e1veis pelo grupo, estes valores est\u00e3o sendo empregados na estrutura\u00e7\u00e3o da equipe, como caracteriza\u00e7\u00e3o de viatura, aquisi\u00e7\u00e3o de equipamentos e fardas para os policiais, dentre outras necessidades.<\/p>\n<p style=\"text-align: justify;\">\u00a0<strong><em> \u201cSe o Prefeito tivesse encaminhado o projeto de forma r\u00e1pida, o policiamento j\u00e1 estaria sendo feito, e provavelmente hoje n\u00e3o estar\u00edamos nos deparando com carretas queimadas e uma situa\u00e7\u00e3o t\u00e3o preocupando como estamos\u201d <\/em><\/strong>\u2013 Enfatizou Sonia ao ressaltar que pela falha e demora do executivo, o policiamento n\u00e3o est\u00e1 agindo nas ruas hoje.<\/p>\n<p style=\"text-align: justify;\">assessoria<\/p>\n<p>&nbsp;<\/p>\n","protected":false},"excerpt":{"rendered":"<p>Na semana que passou a Presidente da C\u00e2mara, Sonia Maran, se reuniu com a Vice Prefeita Liza Scheide e com a Secret\u00e1ria de Governo Nilzete Pereira, a fim de decidir alguns detalhes para o evento de lan\u00e7amento do Notti (N\u00facleo de Opera\u00e7\u00f5es T\u00e1ticas e Investigativas do Interior) que acontecer\u00e1 na c\u00e2mara de vereadores as 10h [&hellip;]<\/p>\n","protected":false},"author":4,"featured_media":7452,"comment_status":"closed","ping_status":"closed","sticky":false,"template":"","format":"standard","meta":{"footnotes":""},"categories":[20],"tags":[],"class_list":["post-7451","post","type-post","status-publish","format-standard","has-post-thumbnail","hentry","category-camara-municipal"],"_links":{"self":[{"href":"https:\/\/www.ocorreionews.com.br\/acervo-correio\/index.php?rest_route=\/wp\/v2\/posts\/7451","targetHints":{"allow":["GET"]}}],"collection":[{"href":"https:\/\/www.ocorreionews.com.br\/acervo-correio\/index.php?rest_route=\/wp\/v2\/posts"}],"about":[{"href":"https:\/\/www.ocorreionews.com.br\/acervo-correio\/index.php?rest_route=\/wp\/v2\/types\/post"}],"author":[{"embeddable":true,"href":"https:\/\/www.ocorreionews.com.br\/acervo-correio\/index.php?rest_route=\/wp\/v2\/users\/4"}],"replies":[{"embeddable":true,"href":"https:\/\/www.ocorreionews.com.br\/acervo-correio\/index.php?rest_route=%2Fwp%2Fv2%2Fcomments&post=7451"}],"version-history":[{"count":0,"href":"https:\/\/www.ocorreionews.com.br\/acervo-correio\/index.php?rest_route=\/wp\/v2\/posts\/7451\/revisions"}],"wp:featuredmedia":[{"embeddable":true,"href":"https:\/\/www.ocorreionews.com.br\/acervo-correio\/index.php?rest_route=\/wp\/v2\/media\/7452"}],"wp:attachment":[{"href":"https:\/\/www.ocorreionews.com.br\/acervo-correio\/index.php?rest_route=%2Fwp%2Fv2%2Fmedia&parent=7451"}],"wp:term":[{"taxonomy":"category","embeddable":true,"href":"https:\/\/www.ocorreionews.com.br\/acervo-correio\/index.php?rest_route=%2Fwp%2Fv2%2Fcategories&post=7451"},{"taxonomy":"post_tag","embeddable":true,"href":"https:\/\/www.ocorreionews.com.br\/acervo-correio\/index.php?rest_route=%2Fwp%2Fv2%2Ftags&post=7451"}],"curies":[{"name":"wp","href":"https:\/\/api.w.org\/{rel}","templated":true}]}}