{"id":7534,"date":"2015-08-10T12:34:10","date_gmt":"2015-08-10T16:34:10","guid":{"rendered":"https:\/\/ocorreionews.com.br\/?p=7534"},"modified":"2015-08-10T12:34:10","modified_gmt":"2015-08-10T16:34:10","slug":"vereador-paulo-a-de-padua-parabeniza-usina-de-reciclagem","status":"publish","type":"post","link":"https:\/\/www.ocorreionews.com.br\/acervo-correio\/?p=7534","title":{"rendered":"Vereador Paulo A. de P\u00e1dua parabeniza Usina de Reciclagem"},"content":{"rendered":"<p style=\"text-align: justify;\">Durante a retomada dos trabalhos do Poder Legislativo para o segundo semestre de 2015, o Vereador Paulo S\u00e9rgio A. de P\u00e1dua em tribuna no dia 03 de agosto, falou sobre a visita do Juiz da Comarca de Serran\u00f3polis, Dr. Fernando Chacha que visitou Chapad\u00e3o do C\u00e9u. Salientou o vereador Paulinho que durante a visita do Juiz no munic\u00edpio um dos pontos que chamou a aten\u00e7\u00e3o foi o trabalho desenvolvido na Usina de Reciclagem. No local o Juiz Fernando Chacha foi acompanhado pelo Superintendente Bid\u00fa, Vice Prefeito Cid\u00e3o e equipe de funcion\u00e1rios que realizam um trabalho que \u00e9 referencia para os demais munic\u00edpios.<\/p>\n<p style=\"text-align: justify;\">\u201c Enquanto in\u00fameros munic\u00edpios do Brasil est\u00e3o desrespeitando a Lei que determina aos munic\u00edpios que devem dar um destino final adequado ao lixo, aqui em Chapad\u00e3o do C\u00e9u j\u00e1 realizamos este trabalho h\u00e1 v\u00e1rios anos, com resultados que chamam aten\u00e7\u00e3o de quem visita a reciclagem. Parabenizo o Bid\u00fa, \u00a0Cid\u00e3o e toda a equipe pelo trabalho competente desenvolvido naquele local\u201d Disse.<\/p>\n<p style=\"text-align: justify;\">\n<p style=\"text-align: justify;\">O que diz a Lei:<\/p>\n<p style=\"text-align: justify;\">A Lei\u00a012.305, denominada de Lei da Pol\u00edtica Nacional de Res\u00edduos S\u00f3lidos, entrou em vigor em 3 de agosto de 2010, concedendo prazo at\u00e9 agosto de 2012 para os munic\u00edpios apresentarem seus planos de gest\u00e3o integrada de res\u00edduos s\u00f3lidos (art. 55) e at\u00e9 o \u00faltimo dia 2 de agosto de 2014 para o encerramento dos lix\u00f5es (art. 54)<\/p>\n","protected":false},"excerpt":{"rendered":"<p>Durante a retomada dos trabalhos do Poder Legislativo para o segundo semestre de 2015, o Vereador Paulo S\u00e9rgio A. de P\u00e1dua em tribuna no dia 03 de agosto, falou sobre a visita do Juiz da Comarca de Serran\u00f3polis, Dr. Fernando Chacha que visitou Chapad\u00e3o do C\u00e9u. Salientou o vereador Paulinho que durante a visita do [&hellip;]<\/p>\n","protected":false},"author":4,"featured_media":4442,"comment_status":"closed","ping_status":"closed","sticky":false,"template":"","format":"standard","meta":{"footnotes":""},"categories":[22],"tags":[],"class_list":["post-7534","post","type-post","status-publish","format-standard","has-post-thumbnail","hentry","category-chapadao-do-ceu"],"_links":{"self":[{"href":"https:\/\/www.ocorreionews.com.br\/acervo-correio\/index.php?rest_route=\/wp\/v2\/posts\/7534","targetHints":{"allow":["GET"]}}],"collection":[{"href":"https:\/\/www.ocorreionews.com.br\/acervo-correio\/index.php?rest_route=\/wp\/v2\/posts"}],"about":[{"href":"https:\/\/www.ocorreionews.com.br\/acervo-correio\/index.php?rest_route=\/wp\/v2\/types\/post"}],"author":[{"embeddable":true,"href":"https:\/\/www.ocorreionews.com.br\/acervo-correio\/index.php?rest_route=\/wp\/v2\/users\/4"}],"replies":[{"embeddable":true,"href":"https:\/\/www.ocorreionews.com.br\/acervo-correio\/index.php?rest_route=%2Fwp%2Fv2%2Fcomments&post=7534"}],"version-history":[{"count":0,"href":"https:\/\/www.ocorreionews.com.br\/acervo-correio\/index.php?rest_route=\/wp\/v2\/posts\/7534\/revisions"}],"wp:featuredmedia":[{"embeddable":true,"href":"https:\/\/www.ocorreionews.com.br\/acervo-correio\/index.php?rest_route=\/wp\/v2\/media\/4442"}],"wp:attachment":[{"href":"https:\/\/www.ocorreionews.com.br\/acervo-correio\/index.php?rest_route=%2Fwp%2Fv2%2Fmedia&parent=7534"}],"wp:term":[{"taxonomy":"category","embeddable":true,"href":"https:\/\/www.ocorreionews.com.br\/acervo-correio\/index.php?rest_route=%2Fwp%2Fv2%2Fcategories&post=7534"},{"taxonomy":"post_tag","embeddable":true,"href":"https:\/\/www.ocorreionews.com.br\/acervo-correio\/index.php?rest_route=%2Fwp%2Fv2%2Ftags&post=7534"}],"curies":[{"name":"wp","href":"https:\/\/api.w.org\/{rel}","templated":true}]}}