{"id":7536,"date":"2015-08-10T12:35:17","date_gmt":"2015-08-10T16:35:17","guid":{"rendered":"https:\/\/ocorreionews.com.br\/?p=7536"},"modified":"2015-08-10T12:35:17","modified_gmt":"2015-08-10T16:35:17","slug":"presidente-marcos-navarini-fala-sobre-transparencia-no-legislativo","status":"publish","type":"post","link":"https:\/\/www.ocorreionews.com.br\/acervo-correio\/?p=7536","title":{"rendered":"Presidente Marcos Navarini fala sobre transpar\u00eancia no Legislativo"},"content":{"rendered":"<p style=\"text-align: justify;\">Durante a aprova\u00e7\u00e3o do projeto 019, aprovado durante os trabalhos do Poder Legislativo na segunda feira, dia 03 de agosto\/15, o Presidente do Poder Legislativo Marcos Ant\u00f4nio Navarini (PSDB), falou sobre a import\u00e2ncia do apoio aos eventos tradicionais do munic\u00edpio.<\/p>\n<p style=\"text-align: justify;\">\u201cA Cavalgada \u00e9 um evento que re\u00fane um grande n\u00famero de visitantes de outros munic\u00edpios e conta sempre com a presen\u00e7a das fam\u00edlias de Chapad\u00e3o do C\u00e9u. Neste ano com o repasse de 50 mil reais, sendo 25 mil da C\u00e2mara de Vereadores repassados a Comiss\u00e3o Organizadora atrav\u00e9s da devolu\u00e7\u00e3o do duod\u00e9cimo ao Executivo, o evento ser\u00e1 ainda melhor com um show da dupla Rafael Violeiro e Celsinho, al\u00e9m das tradicionais provas t\u00edpicas e montarias em touro\u201d.<\/p>\n<p style=\"text-align: justify;\">Destacou que a C\u00e2mara Municipal mesmo com os repasses dos conv\u00eanios (Alicerce 15 mil\/m\u00eas e CAC 2,5 mil\/m\u00eas), vem conseguindo diminuir os gastos e at\u00e9 o momento conta com cerca de 450 mil em caixa, resultado de uma administra\u00e7\u00e3o transparente e respons\u00e1vel em rela\u00e7\u00e3o aos gastos com o dinheiro p\u00fablico.<\/p>\n<p style=\"text-align: justify;\">\u201cA C\u00e2mara De Vereadores est\u00e1 sempre aberta ao dialogo com o Poder Executivo para iniciativas que beneficiem a popula\u00e7\u00e3o\u201d Finalizou.<\/p>\n<p style=\"text-align: justify;\">Assessoria da Camara<\/p>\n","protected":false},"excerpt":{"rendered":"<p>Durante a aprova\u00e7\u00e3o do projeto 019, aprovado durante os trabalhos do Poder Legislativo na segunda feira, dia 03 de agosto\/15, o Presidente do Poder Legislativo Marcos Ant\u00f4nio Navarini (PSDB), falou sobre a import\u00e2ncia do apoio aos eventos tradicionais do munic\u00edpio. \u201cA Cavalgada \u00e9 um evento que re\u00fane um grande n\u00famero de visitantes de outros munic\u00edpios [&hellip;]<\/p>\n","protected":false},"author":4,"featured_media":725,"comment_status":"closed","ping_status":"closed","sticky":false,"template":"","format":"standard","meta":{"footnotes":""},"categories":[22],"tags":[],"class_list":["post-7536","post","type-post","status-publish","format-standard","has-post-thumbnail","hentry","category-chapadao-do-ceu"],"_links":{"self":[{"href":"https:\/\/www.ocorreionews.com.br\/acervo-correio\/index.php?rest_route=\/wp\/v2\/posts\/7536","targetHints":{"allow":["GET"]}}],"collection":[{"href":"https:\/\/www.ocorreionews.com.br\/acervo-correio\/index.php?rest_route=\/wp\/v2\/posts"}],"about":[{"href":"https:\/\/www.ocorreionews.com.br\/acervo-correio\/index.php?rest_route=\/wp\/v2\/types\/post"}],"author":[{"embeddable":true,"href":"https:\/\/www.ocorreionews.com.br\/acervo-correio\/index.php?rest_route=\/wp\/v2\/users\/4"}],"replies":[{"embeddable":true,"href":"https:\/\/www.ocorreionews.com.br\/acervo-correio\/index.php?rest_route=%2Fwp%2Fv2%2Fcomments&post=7536"}],"version-history":[{"count":0,"href":"https:\/\/www.ocorreionews.com.br\/acervo-correio\/index.php?rest_route=\/wp\/v2\/posts\/7536\/revisions"}],"wp:featuredmedia":[{"embeddable":true,"href":"https:\/\/www.ocorreionews.com.br\/acervo-correio\/index.php?rest_route=\/wp\/v2\/media\/725"}],"wp:attachment":[{"href":"https:\/\/www.ocorreionews.com.br\/acervo-correio\/index.php?rest_route=%2Fwp%2Fv2%2Fmedia&parent=7536"}],"wp:term":[{"taxonomy":"category","embeddable":true,"href":"https:\/\/www.ocorreionews.com.br\/acervo-correio\/index.php?rest_route=%2Fwp%2Fv2%2Fcategories&post=7536"},{"taxonomy":"post_tag","embeddable":true,"href":"https:\/\/www.ocorreionews.com.br\/acervo-correio\/index.php?rest_route=%2Fwp%2Fv2%2Ftags&post=7536"}],"curies":[{"name":"wp","href":"https:\/\/api.w.org\/{rel}","templated":true}]}}