{"id":7543,"date":"2015-08-10T15:19:43","date_gmt":"2015-08-10T19:19:43","guid":{"rendered":"https:\/\/ocorreionews.com.br\/?p=7543"},"modified":"2015-08-10T15:19:43","modified_gmt":"2015-08-10T19:19:43","slug":"empresa-e-autuada-em-r-100-mil-por-transporte-ilegal-de-agrotoxicos","status":"publish","type":"post","link":"https:\/\/www.ocorreionews.com.br\/acervo-correio\/?p=7543","title":{"rendered":"Empresa \u00e9 autuada em R$ 100 mil por transporte ilegal de agrot\u00f3xicos"},"content":{"rendered":"<div>Os policiais Militares Ambientais de Costa Rica \u2013 MS realizavam fiscaliza\u00e7\u00e3o na rodovia MS 306 no trevo de acesso \u00e0 cidade e apreenderam na tarde de domingo (9) uma carreta do tipo ba\u00fa, com carga de agrot\u00f3xico ilegal.<\/div>\n<div><\/div>\n<div>De acordo com informa\u00e7\u00f5es da PMA \u2013 Pol\u00edcia Militar Ambiental &#8211; o ve\u00edculo com placas de S\u00e3o Paulo &#8211; SP, que fazia o itiner\u00e1rio de Paul\u00ednia &#8211; SP a Cuiab\u00e1 \u2013 MT transportava 990 gal\u00f5es de 20 litros do agrot\u00f3xico da marca Nimbus e 256 Caixas de 5 kg cada uma do produto da marca Elatus, que eram transportados sem a licen\u00e7a ambiental.<\/div>\n<div><\/div>\n<div>\u201cA carreta pertencente a uma empresa transportadora com domicilio jur\u00eddico em Campinas &#8211; SP, assim como a propriet\u00e1ria dos produtos com domic\u00edlio jur\u00eddico em Cuiab\u00e1 foram autuadas administrativamente e multadas em R$ 50.000,00 cada uma\u201d, revela o Major Queiroz da Assessoria de Comunica\u00e7\u00e3o da PMA.<\/div>\n<div><\/div>\n<div>O produto perigoso e o ve\u00edculo foram apreendidos e encaminhados \u00e0 Delegacia de Pol\u00edcia Civil de Costa Rica. Os respons\u00e1veis pelas empresas responder\u00e3o por crime ambiental e poder\u00e3o pegar pena de uma a quatro anos meses de reclus\u00e3o.<\/div>\n<div><\/div>\n<div><\/div>\n<div>Fonte: Costa Rica em Foco<\/div>\n","protected":false},"excerpt":{"rendered":"<p>Os policiais Militares Ambientais de Costa Rica \u2013 MS realizavam fiscaliza\u00e7\u00e3o na rodovia MS 306 no trevo de acesso \u00e0 cidade e apreenderam na tarde de domingo (9) uma carreta do tipo ba\u00fa, com carga de agrot\u00f3xico ilegal. De acordo com informa\u00e7\u00f5es da PMA \u2013 Pol\u00edcia Militar Ambiental &#8211; o ve\u00edculo com placas de S\u00e3o [&hellip;]<\/p>\n","protected":false},"author":4,"featured_media":7544,"comment_status":"closed","ping_status":"closed","sticky":false,"template":"","format":"standard","meta":{"footnotes":""},"categories":[25,38],"tags":[],"class_list":["post-7543","post","type-post","status-publish","format-standard","has-post-thumbnail","hentry","category-costa-rica","category-policia"],"_links":{"self":[{"href":"https:\/\/www.ocorreionews.com.br\/acervo-correio\/index.php?rest_route=\/wp\/v2\/posts\/7543","targetHints":{"allow":["GET"]}}],"collection":[{"href":"https:\/\/www.ocorreionews.com.br\/acervo-correio\/index.php?rest_route=\/wp\/v2\/posts"}],"about":[{"href":"https:\/\/www.ocorreionews.com.br\/acervo-correio\/index.php?rest_route=\/wp\/v2\/types\/post"}],"author":[{"embeddable":true,"href":"https:\/\/www.ocorreionews.com.br\/acervo-correio\/index.php?rest_route=\/wp\/v2\/users\/4"}],"replies":[{"embeddable":true,"href":"https:\/\/www.ocorreionews.com.br\/acervo-correio\/index.php?rest_route=%2Fwp%2Fv2%2Fcomments&post=7543"}],"version-history":[{"count":0,"href":"https:\/\/www.ocorreionews.com.br\/acervo-correio\/index.php?rest_route=\/wp\/v2\/posts\/7543\/revisions"}],"wp:featuredmedia":[{"embeddable":true,"href":"https:\/\/www.ocorreionews.com.br\/acervo-correio\/index.php?rest_route=\/wp\/v2\/media\/7544"}],"wp:attachment":[{"href":"https:\/\/www.ocorreionews.com.br\/acervo-correio\/index.php?rest_route=%2Fwp%2Fv2%2Fmedia&parent=7543"}],"wp:term":[{"taxonomy":"category","embeddable":true,"href":"https:\/\/www.ocorreionews.com.br\/acervo-correio\/index.php?rest_route=%2Fwp%2Fv2%2Fcategories&post=7543"},{"taxonomy":"post_tag","embeddable":true,"href":"https:\/\/www.ocorreionews.com.br\/acervo-correio\/index.php?rest_route=%2Fwp%2Fv2%2Ftags&post=7543"}],"curies":[{"name":"wp","href":"https:\/\/api.w.org\/{rel}","templated":true}]}}