{"id":7856,"date":"2015-08-15T09:05:13","date_gmt":"2015-08-15T13:05:13","guid":{"rendered":"https:\/\/ocorreionews.com.br\/?p=7856"},"modified":"2015-08-15T09:05:13","modified_gmt":"2015-08-15T13:05:13","slug":"projeto-sua-mao-e-o-sinal-monitores-do-transito-realizam-trabalho-de-conscientizacao-de-pedestres-e-motoristas","status":"publish","type":"post","link":"https:\/\/www.ocorreionews.com.br\/acervo-correio\/?p=7856","title":{"rendered":"Projeto \u201cSUA M\u00c3O \u00c9 O SINAL\u201d: Monitores do Tr\u00e2nsito realizam trabalho de conscientiza\u00e7\u00e3o de pedestres e motoristas"},"content":{"rendered":"<div style=\"text-align: justify;\">Com o objetivo de conscientizar adultos e crian\u00e7as quanto ao uso das regras de conviv\u00eancia no tr\u00e2nsito, o Munic\u00edpio de Costa Rica \u2013 MS por meio da Secretaria de Educa\u00e7\u00e3o e o DEMUTRAN \u2013 Departamento Municipal de Tr\u00e2nsito \u2013 realizam neste m\u00eas de agosto o Projeto \u201cSUA M\u00c3O \u00c9 O SINAL\u201d.<\/div>\n<div style=\"text-align: justify;\"><\/div>\n<div style=\"text-align: justify;\">Em parceria com a Pol\u00edcia Militar; Corpo de Bombeiros; PMA \u2013 Pol\u00edcia Militar Ambiental; Pol\u00edcia Civil; Governo Municipal; SEMED &#8211; Secretaria Municipal de Educa\u00e7\u00e3o; DEMUTRAN; Gestores Escolares; C\u00e2mara de Vereadores; Secretaria Municipais; CETRAN \u2013 Conselho Estadual de Tr\u00e2nsito; ACIACRI \u2013 Associa\u00e7\u00e3o Comercial, Industrial e Agropastoril de Costa Rica; DETRAN &#8211; Departamento Estadual de Tr\u00e2nsito-; Auto Escolas; Moto Clube; Agentes de Sa\u00fade e CONSEG \u2013 Conselho de Seguran\u00e7a \u2013 o projeto tem como finalidade alertar os motoristas e pedestres sobre a import\u00e2ncia do respeito m\u00fatuo \u00e0 faixa de travessia.<\/div>\n<div style=\"text-align: justify;\"><\/div>\n<div style=\"text-align: justify;\">\u201cO slogan SUA M\u00c3O \u00c9 O SINAL busca incentivar as pessoas a pedirem a passagem de forma consciente e com seguran\u00e7a e, ainda, motiva o motorista a contribuir com um tr\u00e2nsito mais cordial, respeitando o mais fraco na mobilidade urbana: o pedestre\u201d, a secret\u00e1ria Municipal de Educa\u00e7\u00e3o, professora Mestre Manuelina Martins da Silva Arantes Cabral.<\/div>\n<div style=\"text-align: justify;\"><\/div>\n<div style=\"text-align: justify;\">At\u00e9 o dia 28 de agosto, conforme o cronograma do projeto ser\u00e3o realizadas atividades nas Institui\u00e7\u00f5es Educacionais, contendo palestras realizadas pelos parceiros do Munic\u00edpio, Blitze Educativas com os Monitores de Tr\u00e2nsito e parceiros, entrevistas nas emissoras de R\u00e1dio e orienta\u00e7\u00f5es \u00e0s fam\u00edlias levadas pelas agentes de sa\u00fade.<\/div>\n<div style=\"text-align: justify;\"><\/div>\n<div style=\"text-align: justify;\">No per\u00edodo de 10 a 14 de agosto, os Monitores do Tr\u00e2nsito realizaram Blitze Educativas em v\u00e1rios pontos estrat\u00e9gicos da cidade orientando os pedestres nas faixas de eleva\u00e7\u00e3o e os motoristas para que fa\u00e7am o uso correto e consciente do tr\u00e2nsito. S\u00f3 na Avenida Jos\u00e9 Ferreira da Costa cerca de 10 monitores entregaram panfletos e adesivaram ve\u00edculos com o objetivo de tamb\u00e9m conscientizar os motoristas.<\/div>\n<div style=\"text-align: justify;\"><\/div>\n<div style=\"text-align: justify;\">Para a subsecret\u00e1ria de Educa\u00e7\u00e3o, professora Dulcineia Rosa complementa que com as a\u00e7\u00f5es do projeto \u201cem breve toda popula\u00e7\u00e3o costarriquense ter\u00e1 o h\u00e1bito de fazer o sinal no uso da faixa de pedestre: Ver e Ser visto\u201d.<\/div>\n<div style=\"text-align: justify;\"><\/div>\n<div style=\"text-align: justify;\">No \u00faltimo dia 05 de agosto, os Monitores do Tr\u00e2nsito estiveram participando de uma forma\u00e7\u00e3o realizada no Conviver \u2013 Centro de Conviv\u00eancia do Idoso \u2018Nosso Sonho\u2019 para assim poder oferecer orienta\u00e7\u00e3o corretas ao p\u00fablico alvo: pedestres e motoristas. \u201cCom essa capacita\u00e7\u00e3o ensinamos desde cedo nossas crian\u00e7as a se tornarem cidad\u00e3os conscientes\u201d, enfatiza Dulcineia Rosa.<\/div>\n<div style=\"text-align: justify;\"><\/div>\n<div style=\"text-align: justify;\">Deocl\u00e9cio Barbosa, diretor do DEMUTRAN, complementa que ao fim do projeto todo cidad\u00e3o ande sempre pela cal\u00e7ada e do lado de dentro da mesma, que olhe para os dois lados antes de atravessar a rua, que atravesse sempre na faixa de seguran\u00e7a, \u201cseguindo essas orienta\u00e7\u00f5es todos contribuem com um tr\u00e2nsito mais seguro\u201d<\/div>\n<div style=\"text-align: justify;\">Assecom<\/div>\n","protected":false},"excerpt":{"rendered":"<p>Com o objetivo de conscientizar adultos e crian\u00e7as quanto ao uso das regras de conviv\u00eancia no tr\u00e2nsito, o Munic\u00edpio de Costa Rica \u2013 MS por meio da Secretaria de Educa\u00e7\u00e3o e o DEMUTRAN \u2013 Departamento Municipal de Tr\u00e2nsito \u2013 realizam neste m\u00eas de agosto o Projeto \u201cSUA M\u00c3O \u00c9 O SINAL\u201d. Em parceria com a [&hellip;]<\/p>\n","protected":false},"author":4,"featured_media":7857,"comment_status":"closed","ping_status":"closed","sticky":false,"template":"","format":"standard","meta":{"footnotes":""},"categories":[25],"tags":[],"class_list":["post-7856","post","type-post","status-publish","format-standard","has-post-thumbnail","hentry","category-costa-rica"],"_links":{"self":[{"href":"https:\/\/www.ocorreionews.com.br\/acervo-correio\/index.php?rest_route=\/wp\/v2\/posts\/7856","targetHints":{"allow":["GET"]}}],"collection":[{"href":"https:\/\/www.ocorreionews.com.br\/acervo-correio\/index.php?rest_route=\/wp\/v2\/posts"}],"about":[{"href":"https:\/\/www.ocorreionews.com.br\/acervo-correio\/index.php?rest_route=\/wp\/v2\/types\/post"}],"author":[{"embeddable":true,"href":"https:\/\/www.ocorreionews.com.br\/acervo-correio\/index.php?rest_route=\/wp\/v2\/users\/4"}],"replies":[{"embeddable":true,"href":"https:\/\/www.ocorreionews.com.br\/acervo-correio\/index.php?rest_route=%2Fwp%2Fv2%2Fcomments&post=7856"}],"version-history":[{"count":0,"href":"https:\/\/www.ocorreionews.com.br\/acervo-correio\/index.php?rest_route=\/wp\/v2\/posts\/7856\/revisions"}],"wp:featuredmedia":[{"embeddable":true,"href":"https:\/\/www.ocorreionews.com.br\/acervo-correio\/index.php?rest_route=\/wp\/v2\/media\/7857"}],"wp:attachment":[{"href":"https:\/\/www.ocorreionews.com.br\/acervo-correio\/index.php?rest_route=%2Fwp%2Fv2%2Fmedia&parent=7856"}],"wp:term":[{"taxonomy":"category","embeddable":true,"href":"https:\/\/www.ocorreionews.com.br\/acervo-correio\/index.php?rest_route=%2Fwp%2Fv2%2Fcategories&post=7856"},{"taxonomy":"post_tag","embeddable":true,"href":"https:\/\/www.ocorreionews.com.br\/acervo-correio\/index.php?rest_route=%2Fwp%2Fv2%2Ftags&post=7856"}],"curies":[{"name":"wp","href":"https:\/\/api.w.org\/{rel}","templated":true}]}}