{"id":7888,"date":"2015-08-15T19:58:25","date_gmt":"2015-08-15T23:58:25","guid":{"rendered":"https:\/\/ocorreionews.com.br\/?p=7888"},"modified":"2015-08-15T19:59:36","modified_gmt":"2015-08-15T23:59:36","slug":"internauta-falta-de-agua-obrigado-sanesul%e2%80%8f","status":"publish","type":"post","link":"https:\/\/www.ocorreionews.com.br\/acervo-correio\/?p=7888","title":{"rendered":"Internauta: Falta de \u00e1gua obrigado Sanesul?"},"content":{"rendered":"<pre>Morro em chapadao do sul a mais de 15 anos, e nunca passei pelo que\r\n estou passando em chapadao do sul nos \u00faltimos anos, cidade suja, falta \r\nde seguran\u00e7a como nunca antes, a Sanesul fazendo os consumidores de \r\npalha\u00e7os e tudo sendo assistido de camarote pela prefeitura e nada \u00e9 \r\nfeito. Hoje s\u00e1bado as 13: 35 um calor infernal, poira, tempo seco \r\numidade muito baixa, e o pior de tudo estamos sem \u00e1gua nas torneira, \r\ngra\u00e7as a Sanesul, empresa a qual nossa prefeitura renovou o contrato e \r\nn\u00e3o fiscaliza o trabalho. Falta de \u00e1gua cobran\u00e7as absurdas. Pagava em \r\ntorno de R$ 50 ou R$ 60 esse m\u00eas paguei R$ 90,00. Gostaria de saber se \r\nquando falta \u00e1gua isso \u00e9 abatido do consumo m\u00ednimo, pois mesmo, se n\u00e3o \r\nusarmos uma gota de \u00e1gua temos que pagar o consumo m\u00ednimo ou estou \r\nerrado. Vamos ter que ir oras ruas e fazer manifestos contra a \r\nadministra\u00e7\u00e3o da cidade? P\u00f4s n\u00e3o vejo sa\u00edda, ou vou mudar pra Costa \r\nRica, ou Para\u00edso das \u00e1guas, ou chapadao do c\u00e9u, pois l\u00e1 tem \u00e1gua e a \r\ncidade e limpa e bem administrada. Amanh\u00e3 estarei procurando o \r\nminist\u00e9rio p\u00fablico pois da mesma forma que tenho obriga\u00e7\u00f5es tamb\u00e9m tenho\r\n direitos, ent\u00e3o procurarei os meus pois estou cansado, com calor, e sem\r\n \u00e1gua, ali\u00e1s estou saindo agora pra ir ao mercado comprar \u00e1gua. Pois a \r\nda geladeira est\u00e1 acabando e n\u00e3o tem \u00e1gua nas torneiras para encher as \r\ngarrafas de \u00e1gua. Pe\u00e7o socorro, pois pedir ajuda n\u00e3o adianta.\r\n  M.A&gt;<\/pre>\n","protected":false},"excerpt":{"rendered":"<p>Morro em chapadao do sul a mais de 15 anos, e nunca passei pelo que estou passando em chapadao do sul nos \u00faltimos anos, cidade suja, falta de seguran\u00e7a como nunca antes, a Sanesul fazendo os consumidores de palha\u00e7os e tudo sendo assistido de camarote pela prefeitura e nada \u00e9 feito. Hoje s\u00e1bado as 13: [&hellip;]<\/p>\n","protected":false},"author":4,"featured_media":7889,"comment_status":"closed","ping_status":"closed","sticky":false,"template":"","format":"standard","meta":{"footnotes":""},"categories":[23,34],"tags":[],"class_list":["post-7888","post","type-post","status-publish","format-standard","has-post-thumbnail","hentry","category-chapadao-do-sul","category-noticias-do-internauta"],"_links":{"self":[{"href":"https:\/\/www.ocorreionews.com.br\/acervo-correio\/index.php?rest_route=\/wp\/v2\/posts\/7888","targetHints":{"allow":["GET"]}}],"collection":[{"href":"https:\/\/www.ocorreionews.com.br\/acervo-correio\/index.php?rest_route=\/wp\/v2\/posts"}],"about":[{"href":"https:\/\/www.ocorreionews.com.br\/acervo-correio\/index.php?rest_route=\/wp\/v2\/types\/post"}],"author":[{"embeddable":true,"href":"https:\/\/www.ocorreionews.com.br\/acervo-correio\/index.php?rest_route=\/wp\/v2\/users\/4"}],"replies":[{"embeddable":true,"href":"https:\/\/www.ocorreionews.com.br\/acervo-correio\/index.php?rest_route=%2Fwp%2Fv2%2Fcomments&post=7888"}],"version-history":[{"count":0,"href":"https:\/\/www.ocorreionews.com.br\/acervo-correio\/index.php?rest_route=\/wp\/v2\/posts\/7888\/revisions"}],"wp:featuredmedia":[{"embeddable":true,"href":"https:\/\/www.ocorreionews.com.br\/acervo-correio\/index.php?rest_route=\/wp\/v2\/media\/7889"}],"wp:attachment":[{"href":"https:\/\/www.ocorreionews.com.br\/acervo-correio\/index.php?rest_route=%2Fwp%2Fv2%2Fmedia&parent=7888"}],"wp:term":[{"taxonomy":"category","embeddable":true,"href":"https:\/\/www.ocorreionews.com.br\/acervo-correio\/index.php?rest_route=%2Fwp%2Fv2%2Fcategories&post=7888"},{"taxonomy":"post_tag","embeddable":true,"href":"https:\/\/www.ocorreionews.com.br\/acervo-correio\/index.php?rest_route=%2Fwp%2Fv2%2Ftags&post=7888"}],"curies":[{"name":"wp","href":"https:\/\/api.w.org\/{rel}","templated":true}]}}