{"id":7896,"date":"2015-08-16T13:30:31","date_gmt":"2015-08-16T17:30:31","guid":{"rendered":"https:\/\/ocorreionews.com.br\/?p=7896"},"modified":"2015-08-16T19:51:12","modified_gmt":"2015-08-16T23:51:12","slug":"identificado-traficante-morto-em-paraiso-das-aguas","status":"publish","type":"post","link":"https:\/\/www.ocorreionews.com.br\/acervo-correio\/?p=7896","title":{"rendered":"Identificado traficante morto em Paraiso das \u00e1guas"},"content":{"rendered":"<p style=\"text-align: justify;\"><span style=\"font-family: helvetica; font-size: small;\">Osmir Nunes de Oliveira, 35 anos, morreu por volta das 03h da manh\u00e3 deste domingo(16), ao capotar o ve\u00edculo Chevrolet Vectra, de cor prata, com pacas de\u00a0Carapicu\u00edba\u00a0(SP), na MS 316, pr\u00f3ximo ao Rio Para\u00edso, em Para\u00edso das \u00c1guas (MS).<\/span><\/p>\n<div style=\"text-align: justify;\"><span style=\"font-family: helvetica; font-size: small;\">De acordo com a pol\u00edcia, Oliveira, ao avistar uma barreira policial do Comando de Opera\u00e7\u00f5es do Bols\u00e3o (COB), no trevo de Para\u00edso das \u00c1guas, teria tentado desviar seguindo sentido ao distrito de Pouso Alto, quando veio a perder o controle do ve\u00edculo e capotar por v\u00e1rias vezes.<\/span><\/div>\n<div style=\"text-align: justify;\"><span style=\"font-family: helvetica; font-size: small;\">\u00a0<\/span><\/div>\n<div style=\"text-align: justify;\"><span style=\"font-family: helvetica; font-size: small;\">O ve\u00edculo conduzido por Osmir estava recheado de maconha. N\u00e3o se sabe o destino da droga.<\/span><\/div>\n<div style=\"text-align: justify;\"><span style=\"font-family: helvetica; font-size: small;\">\u00a0<\/span><\/div>\n<div style=\"text-align: justify;\"><span style=\"font-family: helvetica; font-size: small;\">Uma altera\u00e7\u00e3o nas molas do ve\u00edculo e a alta velocidade, podem ter contribu\u00eddo com o acidente.<\/span><\/div>\n<div style=\"text-align: justify;\"><span style=\"font-family: helvetica; font-size: small;\">\u00a0<\/span><\/div>\n<div style=\"text-align: justify;\"><span style=\"font-family: helvetica; font-size: small;\">O COB, Pol\u00edcia Militar e Pol\u00edcia Civil permaneceram no local at\u00e9 a chegada da per\u00edcia. A droga foi conduzida para a Delegacia de Pol\u00edcia Civil de Chapad\u00e3o do Sul (MS), onde ser\u00e1 pesada e posteriormente incinerada. Estima-se mais de 500 Kg de droga.<\/span><\/div>\n<div style=\"text-align: justify;\"><span style=\"font-family: helvetica; font-size: small;\">\u00a0<\/span><\/div>\n<div style=\"text-align: justify;\"><span style=\"font-family: helvetica; font-size: small;\">A Funer\u00e1ria Britopax realizar\u00e1 o translado do corpo de Osmir at\u00e9 ao Instituto M\u00e9dico Legal (IML) de Parana\u00edba(MS), distante 277 Km para realiza\u00e7\u00e3o de exame necrosc\u00f3pico.\u00a0<\/span><\/div>\n<div style=\"text-align: justify;\"><span style=\"font-family: helvetica; font-size: small;\">\u00a0<\/span><\/div>\n<div style=\"text-align: justify;\"><span style=\"font-family: helvetica; font-size: small;\">A fam\u00edlia de Osmir, que reside em Campo Grande (MS), est\u00e1 \u00e0 caminho de Para\u00edso das \u00c1guas para provid\u00eancias do enterro de seu corpo.<\/span><\/div>\n<div style=\"text-align: justify;\"><span style=\"font-family: helvetica; font-size: small;\">\u00a0<\/span><\/div>\n<div style=\"text-align: justify;\"><span style=\"font-family: helvetica; font-size: small;\"><img decoding=\"async\" src=\"http:\/\/i.imgur.com\/dLIpasb.jpg\" alt=\"\" width=\"600\" \/><\/span><\/div>\n<div style=\"text-align: justify;\"><span style=\"font-family: helvetica; font-size: small;\"><img decoding=\"async\" src=\"http:\/\/i.imgur.com\/Dhgkc9j.jpg\" alt=\"\" width=\"600\" \/><\/span><\/div>\n<div style=\"text-align: justify;\"><span style=\"font-family: helvetica; font-size: small;\"><img decoding=\"async\" src=\"http:\/\/i.imgur.com\/ApSEHuT.jpg\" alt=\"\" width=\"600\" \/><\/span><\/div>\n<div style=\"text-align: justify;\"><img decoding=\"async\" src=\"http:\/\/i.imgur.com\/D732fJ0.jpg\" alt=\"\" width=\"600\" \/><\/div>\n","protected":false},"excerpt":{"rendered":"<p>Osmir Nunes de Oliveira, 35 anos, morreu por volta das 03h da manh\u00e3 deste domingo(16), ao capotar o ve\u00edculo Chevrolet Vectra, de cor prata, com pacas de\u00a0Carapicu\u00edba\u00a0(SP), na MS 316, pr\u00f3ximo ao Rio Para\u00edso, em Para\u00edso das \u00c1guas (MS). De acordo com a pol\u00edcia, Oliveira, ao avistar uma barreira policial do Comando de Opera\u00e7\u00f5es do [&hellip;]<\/p>\n","protected":false},"author":4,"featured_media":7897,"comment_status":"closed","ping_status":"closed","sticky":false,"template":"","format":"standard","meta":{"footnotes":""},"categories":[38],"tags":[],"class_list":["post-7896","post","type-post","status-publish","format-standard","has-post-thumbnail","hentry","category-policia"],"_links":{"self":[{"href":"https:\/\/www.ocorreionews.com.br\/acervo-correio\/index.php?rest_route=\/wp\/v2\/posts\/7896","targetHints":{"allow":["GET"]}}],"collection":[{"href":"https:\/\/www.ocorreionews.com.br\/acervo-correio\/index.php?rest_route=\/wp\/v2\/posts"}],"about":[{"href":"https:\/\/www.ocorreionews.com.br\/acervo-correio\/index.php?rest_route=\/wp\/v2\/types\/post"}],"author":[{"embeddable":true,"href":"https:\/\/www.ocorreionews.com.br\/acervo-correio\/index.php?rest_route=\/wp\/v2\/users\/4"}],"replies":[{"embeddable":true,"href":"https:\/\/www.ocorreionews.com.br\/acervo-correio\/index.php?rest_route=%2Fwp%2Fv2%2Fcomments&post=7896"}],"version-history":[{"count":0,"href":"https:\/\/www.ocorreionews.com.br\/acervo-correio\/index.php?rest_route=\/wp\/v2\/posts\/7896\/revisions"}],"wp:featuredmedia":[{"embeddable":true,"href":"https:\/\/www.ocorreionews.com.br\/acervo-correio\/index.php?rest_route=\/wp\/v2\/media\/7897"}],"wp:attachment":[{"href":"https:\/\/www.ocorreionews.com.br\/acervo-correio\/index.php?rest_route=%2Fwp%2Fv2%2Fmedia&parent=7896"}],"wp:term":[{"taxonomy":"category","embeddable":true,"href":"https:\/\/www.ocorreionews.com.br\/acervo-correio\/index.php?rest_route=%2Fwp%2Fv2%2Fcategories&post=7896"},{"taxonomy":"post_tag","embeddable":true,"href":"https:\/\/www.ocorreionews.com.br\/acervo-correio\/index.php?rest_route=%2Fwp%2Fv2%2Ftags&post=7896"}],"curies":[{"name":"wp","href":"https:\/\/api.w.org\/{rel}","templated":true}]}}