{"id":7899,"date":"2015-08-16T13:33:35","date_gmt":"2015-08-16T17:33:35","guid":{"rendered":"https:\/\/ocorreionews.com.br\/?p=7899"},"modified":"2015-08-16T13:33:35","modified_gmt":"2015-08-16T17:33:35","slug":"presa-em-chapadao-do-sul-dupla-com-moto-roubada-em-paranaiba","status":"publish","type":"post","link":"https:\/\/www.ocorreionews.com.br\/acervo-correio\/?p=7899","title":{"rendered":"Presa em Chapad\u00e3o do Sul dupla com moto roubada em Parana\u00edba."},"content":{"rendered":"<p>A Pol\u00edcia Militar de Chapad\u00e3o do Sul prendeu \u00a0dois homens que estavam numa Honda Fan 2007\/2008 placa HSZ-4941 com registro de rouba no munic\u00edpio de Aparecida do Taboado. Eles fugiram quando avistaram a viatura do PM que fazia policiamento ostensivo no Bairro Esperan\u00e7a, nas imedia\u00e7\u00f5es das ruas M com a D, \u00e1rea de intenso movimento de dependentes qu\u00edmicos. A moto era conduzida por Adenildo da Maia Silva (20) e tinha na carona Samuel da Silva Santos (20) vulgo (<em>L\u00f3<\/em>). Os dois s\u00e3o conhecidos e j\u00e1 foram abordados em outras circunst\u00e2ncias por policiais.<\/p>\n<p>O efetivo da PM est\u00e1 agindo no per\u00edmetro urbano da cidade e nas rodovias de acesso a Chapad\u00e3o do Sul. Al\u00e9m deles duas unidades do NOTII (N\u00facleo de Opera\u00e7\u00f5es T\u00e1ticas e Investigativas do Interior) est\u00e3o trafegando pelos bairros abordando suspeitos. A dupla foi entregue na delegacia de Pol\u00edcia Civil e nesta segunda-feira ser\u00e1 interrogada pelo delegado Danilo Mansur. Eles precisam explicar a origem da moto e se participaram do roubo do ve\u00edculo em Parana\u00edba.<\/p>\n<p>chapandensenews<\/p>\n","protected":false},"excerpt":{"rendered":"<p>A Pol\u00edcia Militar de Chapad\u00e3o do Sul prendeu \u00a0dois homens que estavam numa Honda Fan 2007\/2008 placa HSZ-4941 com registro de rouba no munic\u00edpio de Aparecida do Taboado. Eles fugiram quando avistaram a viatura do PM que fazia policiamento ostensivo no Bairro Esperan\u00e7a, nas imedia\u00e7\u00f5es das ruas M com a D, \u00e1rea de intenso movimento [&hellip;]<\/p>\n","protected":false},"author":4,"featured_media":7900,"comment_status":"closed","ping_status":"closed","sticky":false,"template":"","format":"standard","meta":{"footnotes":""},"categories":[38],"tags":[],"class_list":["post-7899","post","type-post","status-publish","format-standard","has-post-thumbnail","hentry","category-policia"],"_links":{"self":[{"href":"https:\/\/www.ocorreionews.com.br\/acervo-correio\/index.php?rest_route=\/wp\/v2\/posts\/7899","targetHints":{"allow":["GET"]}}],"collection":[{"href":"https:\/\/www.ocorreionews.com.br\/acervo-correio\/index.php?rest_route=\/wp\/v2\/posts"}],"about":[{"href":"https:\/\/www.ocorreionews.com.br\/acervo-correio\/index.php?rest_route=\/wp\/v2\/types\/post"}],"author":[{"embeddable":true,"href":"https:\/\/www.ocorreionews.com.br\/acervo-correio\/index.php?rest_route=\/wp\/v2\/users\/4"}],"replies":[{"embeddable":true,"href":"https:\/\/www.ocorreionews.com.br\/acervo-correio\/index.php?rest_route=%2Fwp%2Fv2%2Fcomments&post=7899"}],"version-history":[{"count":0,"href":"https:\/\/www.ocorreionews.com.br\/acervo-correio\/index.php?rest_route=\/wp\/v2\/posts\/7899\/revisions"}],"wp:featuredmedia":[{"embeddable":true,"href":"https:\/\/www.ocorreionews.com.br\/acervo-correio\/index.php?rest_route=\/wp\/v2\/media\/7900"}],"wp:attachment":[{"href":"https:\/\/www.ocorreionews.com.br\/acervo-correio\/index.php?rest_route=%2Fwp%2Fv2%2Fmedia&parent=7899"}],"wp:term":[{"taxonomy":"category","embeddable":true,"href":"https:\/\/www.ocorreionews.com.br\/acervo-correio\/index.php?rest_route=%2Fwp%2Fv2%2Fcategories&post=7899"},{"taxonomy":"post_tag","embeddable":true,"href":"https:\/\/www.ocorreionews.com.br\/acervo-correio\/index.php?rest_route=%2Fwp%2Fv2%2Ftags&post=7899"}],"curies":[{"name":"wp","href":"https:\/\/api.w.org\/{rel}","templated":true}]}}