{"id":7931,"date":"2015-08-17T14:19:01","date_gmt":"2015-08-17T18:19:01","guid":{"rendered":"https:\/\/ocorreionews.com.br\/?p=7931"},"modified":"2015-08-17T14:33:25","modified_gmt":"2015-08-17T18:33:25","slug":"7931","status":"publish","type":"post","link":"https:\/\/www.ocorreionews.com.br\/acervo-correio\/?p=7931","title":{"rendered":"Corrida de rua abriu as comemora\u00e7\u00f5es dos 33 anos de Chapad\u00e3o do C\u00e9u"},"content":{"rendered":"<h5>Chapad\u00e3o do C\u00e9u comemora na pr\u00f3xima sexta-feira 21, 33 anos de sua emancipa\u00e7\u00e3o pol\u00edtico administrativo.\u00a0 A administra\u00e7\u00e3o municipal programou uma s\u00e9rie de atra\u00e7\u00f5es, durante toda a semana para marcar a dar\u00e1.<\/h5>\n<h5>A abertura da programa\u00e7\u00e3o iniciou-se neste domingo, coma realiza\u00e7\u00e3o da 26\u00aa edi\u00e7\u00e3o da Corrida de Rua do munic\u00edpio.<\/h5>\n<h5><strong><a href=\"http:\/\/www.chapadaodoceu.go.gov.br\/galeria-de-fotos\/2015\/08\/17\/26-corrida-de-rua-de-chapadao-do-ceu\">VEJA A GALERIA DE FOTOS<\/a><\/strong><\/h5>\n<h5>Al\u00e9m dos atletas da cidade, a corrida contou com outros atletas de Jatai, Mineiros, Rio Verde, Maracaju, Cassil\u00e2ndia, Campo Grande, que abrilhantaram ainda mais a corrida, nos 2,500 e 5.000 mil metros.<\/h5>\n<h5>Veja abaixo o resultado final:<\/h5>\n<h6><strong>RESULTADO FINAL 26\u00aa CORRIDA DE RUA<\/strong><\/h6>\n<h6>CATEGORIA A<span class=\"Apple-converted-space\">\u00a0<\/span><strong>MASCULINO<\/strong><span class=\"Apple-converted-space\">\u00a0<\/span>(NASCIDOS EM 2008 \u00e1 Cima)<\/h6>\n<h6><\/h6>\n<table border=\"1\" cellspacing=\"0\" cellpadding=\"0\">\n<tbody>\n<tr>\n<td valign=\"top\" width=\"199\">\n<h1><em>CLASSIFICA\u00c7\u00c3O<\/em><\/h1>\n<\/td>\n<td valign=\"top\" width=\"338\">\n<h2><strong><em>COMPETIDOR<\/em><\/strong><\/h2>\n<\/td>\n<\/tr>\n<tr>\n<td valign=\"top\" width=\"199\"><strong>1\u00ba Lugar<\/strong><\/td>\n<td valign=\"top\" width=\"338\">\n<h3>MATHEUS FELIPE<\/h3>\n<\/td>\n<\/tr>\n<tr>\n<td valign=\"top\" width=\"199\"><strong>2\u00ba Lugar<\/strong><\/td>\n<td valign=\"top\" width=\"338\">Gabriel Lucas<\/td>\n<\/tr>\n<tr>\n<td valign=\"top\" width=\"199\"><strong>3\u00ba Lugar<\/strong><\/td>\n<td valign=\"top\" width=\"338\">Kau\u00e3 Ziler<\/td>\n<\/tr>\n<\/tbody>\n<\/table>\n<h6>\u00a0CATEGORIA A<span class=\"Apple-converted-space\">\u00a0<\/span><strong>FEMININO<\/strong><span class=\"Apple-converted-space\">\u00a0<\/span>(NASCIDOS EM 2008 \u00e1 Cima)<\/h6>\n<h6>\u00a0<em>CLASSIFICA\u00c7\u00c3O<\/em><\/h6>\n<table border=\"1\" cellspacing=\"0\" cellpadding=\"0\">\n<tbody>\n<tr>\n<td valign=\"top\" width=\"338\">\n<h2><strong><em>COMPETIDOR<\/em><\/strong><\/h2>\n<\/td>\n<\/tr>\n<tr>\n<td valign=\"top\" width=\"199\"><strong>1\u00ba Lugar<\/strong><\/td>\n<td valign=\"top\" width=\"338\">\n<h3>DANIELE CRISTINA GRIM<\/h3>\n<\/td>\n<\/tr>\n<tr>\n<td valign=\"top\" width=\"199\"><strong>2\u00ba Lugar<\/strong><\/td>\n<td valign=\"top\" width=\"338\">Maria Leticia Rocha<\/td>\n<\/tr>\n<tr>\n<td valign=\"top\" width=\"199\"><strong>3\u00ba Lugar<\/strong><\/td>\n<td valign=\"top\" width=\"338\">Laura Leticia<\/td>\n<\/tr>\n<\/tbody>\n<\/table>\n<h6>CATEGORIA B<span class=\"Apple-converted-space\">\u00a0<\/span><strong>MASCULINO<\/strong><span class=\"Apple-converted-space\">\u00a0<\/span>(NASCIDOS EM 2006 E 2007)<\/h6>\n<table border=\"1\" cellspacing=\"0\" cellpadding=\"0\">\n<tbody>\n<tr>\n<td valign=\"top\" width=\"199\">\n<h1><em>CLASSIFICA\u00c7\u00c3O<\/em><\/h1>\n<\/td>\n<td valign=\"top\" width=\"338\">\n<h2><strong><em>COMPETIDOR<\/em><\/strong><\/h2>\n<\/td>\n<\/tr>\n<tr>\n<td valign=\"top\" width=\"199\"><strong>1\u00ba Lugar<\/strong><\/td>\n<td valign=\"top\" width=\"338\">\n<h3>EMANUEL THALLES<\/h3>\n<\/td>\n<\/tr>\n<tr>\n<td valign=\"top\" width=\"199\"><strong>2\u00ba Lugar<\/strong><\/td>\n<td valign=\"top\" width=\"338\">Ariel Zanardi<\/td>\n<\/tr>\n<tr>\n<td valign=\"top\" width=\"199\"><strong>3\u00ba Lugar<\/strong><\/td>\n<td valign=\"top\" width=\"338\">Ilton Marques<\/td>\n<\/tr>\n<\/tbody>\n<\/table>\n<p>CATEGORIA B<span class=\"Apple-converted-space\">\u00a0<\/span><strong>FEMININO<\/strong><span class=\"Apple-converted-space\">\u00a0<\/span>(NASCIDOS EM 2006 E 2007)<\/p>\n<h6>\u00a0<em>CLASSIFICA\u00c7\u00c3O<\/em><\/h6>\n<table border=\"1\" cellspacing=\"0\" cellpadding=\"0\">\n<tbody>\n<tr>\n<td valign=\"top\" width=\"338\">\n<h2><strong><em>COMPETIDOR<\/em><\/strong><\/h2>\n<\/td>\n<\/tr>\n<tr>\n<td valign=\"top\" width=\"199\"><strong>1\u00ba Lugar<\/strong><\/td>\n<td valign=\"top\" width=\"338\">\n<h3>LARISSA VIT\u00d3RIA DE LIMA<\/h3>\n<\/td>\n<\/tr>\n<tr>\n<td valign=\"top\" width=\"199\"><strong>2\u00ba Lugar<\/strong><\/td>\n<td valign=\"top\" width=\"338\">Luana da Costa<\/td>\n<\/tr>\n<tr>\n<td valign=\"top\" width=\"199\"><strong>3\u00ba Lugar<\/strong><\/td>\n<td valign=\"top\" width=\"338\">Pollyana Blat<\/td>\n<\/tr>\n<\/tbody>\n<\/table>\n<h6>CATEGORIA C<span class=\"Apple-converted-space\">\u00a0<\/span><strong>MASCULINO<\/strong><span class=\"Apple-converted-space\">\u00a0<\/span>(NASCIDOS EM 2004 E 2005)<\/h6>\n<table border=\"1\" cellspacing=\"0\" cellpadding=\"0\">\n<tbody>\n<tr>\n<td valign=\"top\" width=\"199\">\n<h1><em>CLASSIFICA\u00c7\u00c3O<\/em><\/h1>\n<\/td>\n<td valign=\"top\" width=\"338\">\n<h2><strong><em>COMPETIDOR<\/em><\/strong><\/h2>\n<\/td>\n<\/tr>\n<tr>\n<td valign=\"top\" width=\"199\"><strong>1\u00ba Lugar<\/strong><\/td>\n<td valign=\"top\" width=\"338\">\n<h3>GUILHERME DE LIMA<\/h3>\n<\/td>\n<\/tr>\n<tr>\n<td valign=\"top\" width=\"199\"><strong>2\u00ba Lugar<\/strong><\/td>\n<td valign=\"top\" width=\"338\">Gustavo C\u00e9sar Alves<\/td>\n<\/tr>\n<tr>\n<td valign=\"top\" width=\"199\"><strong>3\u00ba Lugar<\/strong><\/td>\n<td valign=\"top\" width=\"338\">Pedro Henrique Messias<\/td>\n<\/tr>\n<\/tbody>\n<\/table>\n<h6>CATEGORIA C<span class=\"Apple-converted-space\">\u00a0<\/span><strong>FEMININO<\/strong><span class=\"Apple-converted-space\">\u00a0<\/span>(NASCIDOS EM 2004 E 2005)<\/h6>\n<table border=\"1\" cellspacing=\"0\" cellpadding=\"0\">\n<tbody>\n<tr>\n<td valign=\"top\" width=\"199\">\n<h1><em>CLASSIFICA\u00c7\u00c3O<\/em><\/h1>\n<\/td>\n<td valign=\"top\" width=\"338\">\n<h2><strong><em>COMPETIDOR<\/em><\/strong><\/h2>\n<\/td>\n<\/tr>\n<tr>\n<td valign=\"top\" width=\"199\"><strong>1\u00ba Lugar<\/strong><\/td>\n<td valign=\"top\" width=\"338\">\n<h3>ALICE SANTOS SOUSA<\/h3>\n<\/td>\n<\/tr>\n<tr>\n<td valign=\"top\" width=\"199\"><strong>2\u00ba Lugar<\/strong><\/td>\n<td valign=\"top\" width=\"338\">Gabriele Eduarda<\/td>\n<\/tr>\n<tr>\n<td valign=\"top\" width=\"199\"><strong>3\u00ba Lugar<\/strong><\/td>\n<td valign=\"top\" width=\"338\">Ketelyn Nina Ancelmo<\/td>\n<\/tr>\n<\/tbody>\n<\/table>\n<h6><strong>\u00a0<\/strong>CATEGORIA D<span class=\"Apple-converted-space\">\u00a0<\/span><strong>MASCULINO<\/strong><span class=\"Apple-converted-space\">\u00a0<\/span>(NASCIDOS EM 2002 E 2003)<\/h6>\n<table border=\"1\" cellspacing=\"0\" cellpadding=\"0\">\n<tbody>\n<tr>\n<td valign=\"top\" width=\"199\">\n<h1><em>CLASSIFICA\u00c7\u00c3O<\/em><\/h1>\n<\/td>\n<td valign=\"top\" width=\"338\">\n<h2><strong><em>COMPETIDOR<\/em><\/strong><\/h2>\n<\/td>\n<\/tr>\n<tr>\n<td valign=\"top\" width=\"199\"><strong>1\u00ba Lugar<\/strong><\/td>\n<td valign=\"top\" width=\"338\">\n<h3>JOS\u00c9 ALMERINDO JR.<\/h3>\n<\/td>\n<\/tr>\n<tr>\n<td valign=\"top\" width=\"199\"><strong>2\u00ba Lugar<\/strong><\/td>\n<td valign=\"top\" width=\"338\">Riquelme Santos Sousa<\/td>\n<\/tr>\n<tr>\n<td valign=\"top\" width=\"199\"><strong>3\u00ba Lugar<\/strong><\/td>\n<td valign=\"top\" width=\"338\">Elias Neves Santos Lima<\/td>\n<\/tr>\n<\/tbody>\n<\/table>\n<h6>CATEGORIA D<span class=\"Apple-converted-space\">\u00a0<\/span><strong>FEMININO<\/strong><span class=\"Apple-converted-space\">\u00a0<\/span>(NASCIDOS EM 2002 E 2003)<\/h6>\n<table border=\"1\" cellspacing=\"0\" cellpadding=\"0\">\n<tbody>\n<tr>\n<td valign=\"top\" width=\"199\">\n<h1><em>CLASSIFICA\u00c7\u00c3O<\/em><\/h1>\n<\/td>\n<td valign=\"top\" width=\"338\">\n<h2><strong><em>COMPETIDOR<\/em><\/strong><\/h2>\n<\/td>\n<\/tr>\n<tr>\n<td valign=\"top\" width=\"199\"><strong>1\u00ba Lugar<\/strong><\/td>\n<td valign=\"top\" width=\"338\">\n<h3>ILLANA NUNES ASSIS<\/h3>\n<\/td>\n<\/tr>\n<tr>\n<td valign=\"top\" width=\"199\"><strong>2\u00ba Lugar<\/strong><\/td>\n<td valign=\"top\" width=\"338\">Giovana Costa<\/td>\n<\/tr>\n<tr>\n<td valign=\"top\" width=\"199\"><strong>3\u00ba Lugar<\/strong><\/td>\n<td valign=\"top\" width=\"338\">Maria Luiza Silva<\/td>\n<\/tr>\n<\/tbody>\n<\/table>\n<h6>CATEGORIA E<span class=\"Apple-converted-space\">\u00a0<\/span><strong>MASCULINO<\/strong><span class=\"Apple-converted-space\">\u00a0<\/span>(NASCIDOS EM 1988 A 2001)<\/h6>\n<table border=\"1\" cellspacing=\"0\" cellpadding=\"0\">\n<tbody>\n<tr>\n<td valign=\"top\" width=\"199\">\n<h1><em>CLASSIFICA\u00c7\u00c3O<\/em><\/h1>\n<\/td>\n<td valign=\"top\" width=\"338\">\n<h2><strong><em>COMPETIDOR<\/em><\/strong><\/h2>\n<\/td>\n<\/tr>\n<tr>\n<td valign=\"top\" width=\"199\"><strong>1\u00ba Lugar<\/strong><\/td>\n<td valign=\"top\" width=\"338\">\n<h3>MARCOS BANDEIRA SILVA<\/h3>\n<\/td>\n<\/tr>\n<tr>\n<td valign=\"top\" width=\"199\"><strong>2\u00ba Lugar<\/strong><\/td>\n<td valign=\"top\" width=\"338\">Adenildo Pereira da Rocha<\/td>\n<\/tr>\n<tr>\n<td valign=\"top\" width=\"199\"><strong>3\u00ba Lugar<\/strong><\/td>\n<td valign=\"top\" width=\"338\">Claudemar Luiz da Costa<\/td>\n<\/tr>\n<tr>\n<td valign=\"top\" width=\"199\"><strong>4\u00ba Lugar<\/strong><\/td>\n<td valign=\"top\" width=\"338\">Mauricio Pereira da Cunha<\/td>\n<\/tr>\n<tr>\n<td valign=\"top\" width=\"199\"><strong>5\u00ba Lugar<\/strong><\/td>\n<td valign=\"top\" width=\"338\">Jonatha Rodrigues Borges<\/td>\n<\/tr>\n<\/tbody>\n<\/table>\n<h6>CATEGORIA E<span class=\"Apple-converted-space\">\u00a0<\/span><strong>FEMININO<\/strong><span class=\"Apple-converted-space\">\u00a0<\/span>(NASCIDOS EM 1988 A 2001)<\/h6>\n<table border=\"1\" cellspacing=\"0\" cellpadding=\"0\">\n<tbody>\n<tr>\n<td valign=\"top\" width=\"199\">\n<h1><em>CLASSIFICA\u00c7\u00c3O<\/em><\/h1>\n<\/td>\n<td valign=\"top\" width=\"338\">\n<h2><strong><em>COMPETIDOR<\/em><\/strong><\/h2>\n<\/td>\n<\/tr>\n<tr>\n<td valign=\"top\" width=\"199\"><strong>1\u00ba Lugar<\/strong><\/td>\n<td valign=\"top\" width=\"338\">\n<h3>ELIS\u00c2NGELA COSTA<\/h3>\n<\/td>\n<\/tr>\n<tr>\n<td valign=\"top\" width=\"199\"><strong>2\u00ba Lugar<\/strong><\/td>\n<td valign=\"top\" width=\"338\">Lidiane G. Queiroz da Silva<\/td>\n<\/tr>\n<tr>\n<td valign=\"top\" width=\"199\"><strong>3\u00ba Lugar<\/strong><\/td>\n<td valign=\"top\" width=\"338\">Evelyn Ancelmo Barbosa<\/td>\n<\/tr>\n<tr>\n<td valign=\"top\" width=\"199\"><strong>4\u00ba Lugar<\/strong><\/td>\n<td valign=\"top\" width=\"338\">Camila Rocha da Silva<\/td>\n<\/tr>\n<tr>\n<td valign=\"top\" width=\"199\"><strong>5\u00ba Lugar<\/strong><\/td>\n<td valign=\"top\" width=\"338\">&#8212;&#8212;&#8212;&#8212;&#8212;&#8212;&#8212;&#8212;&#8212;&#8212;&#8212;&#8212;&#8212;&#8212;&#8211;<\/td>\n<\/tr>\n<\/tbody>\n<\/table>\n<h6>CATEGORIA F<span class=\"Apple-converted-space\">\u00a0<\/span><strong>MASCULINO<\/strong><span class=\"Apple-converted-space\">\u00a0<\/span>(NASCIDOS EM 1976 A 1987)<\/h6>\n<table border=\"1\" cellspacing=\"0\" cellpadding=\"0\">\n<tbody>\n<tr>\n<td valign=\"top\" width=\"199\">\n<h1><em>CLASSIFICA\u00c7\u00c3O<\/em><\/h1>\n<\/td>\n<td valign=\"top\" width=\"338\">\n<h2><strong><em>COMPETIDOR<\/em><\/strong><\/h2>\n<\/td>\n<\/tr>\n<tr>\n<td valign=\"top\" width=\"199\"><strong>1\u00ba Lugar<\/strong><\/td>\n<td valign=\"top\" width=\"338\">\n<h3>CLEOCIR ANDR\u00c9 ZANARDI<\/h3>\n<\/td>\n<\/tr>\n<tr>\n<td valign=\"top\" width=\"199\"><strong>2\u00ba Lugar<\/strong><\/td>\n<td valign=\"top\" width=\"338\">Jos\u00e9 Carlos de Oliveira<\/td>\n<\/tr>\n<tr>\n<td valign=\"top\" width=\"199\"><strong>3\u00ba Lugar<\/strong><\/td>\n<td valign=\"top\" width=\"338\">Frank Barbosa de Lima<\/td>\n<\/tr>\n<tr>\n<td valign=\"top\" width=\"199\"><strong>4\u00ba Lugar<\/strong><\/td>\n<td valign=\"top\" width=\"338\">Jos\u00e9 Ronaldo M. de Souza<\/td>\n<\/tr>\n<tr>\n<td valign=\"top\" width=\"199\"><strong>5\u00ba Lugar<\/strong><\/td>\n<td valign=\"top\" width=\"338\">Leosmar da Costa<\/td>\n<\/tr>\n<\/tbody>\n<\/table>\n<h6>CATEGORIA F<span class=\"Apple-converted-space\">\u00a0<\/span><strong>FEMININO<\/strong><span class=\"Apple-converted-space\">\u00a0<\/span>(NASCIDOS EM 1976 A 1987)<\/h6>\n<table border=\"1\" cellspacing=\"0\" cellpadding=\"0\">\n<tbody>\n<tr>\n<td valign=\"top\" width=\"199\">\n<h1><em>CLASSIFICA\u00c7\u00c3O<\/em><\/h1>\n<\/td>\n<td valign=\"top\" width=\"338\">\n<h2><strong><em>COMPETIDOR<\/em><\/strong><\/h2>\n<\/td>\n<\/tr>\n<tr>\n<td valign=\"top\" width=\"199\"><strong>1\u00ba Lugar<\/strong><\/td>\n<td valign=\"top\" width=\"338\">\n<h3>SOELI LUIZ DA COSTA<\/h3>\n<\/td>\n<\/tr>\n<tr>\n<td valign=\"top\" width=\"199\"><strong>2\u00ba Lugar<\/strong><\/td>\n<td valign=\"top\" width=\"338\">Ana Paula Martins<\/td>\n<\/tr>\n<tr>\n<td valign=\"top\" width=\"199\"><strong>3\u00ba Lugar<\/strong><\/td>\n<td valign=\"top\" width=\"338\">Aline Aparecida V. Martins<\/td>\n<\/tr>\n<tr>\n<td valign=\"top\" width=\"199\"><strong>4\u00ba Lugar<\/strong><\/td>\n<td valign=\"top\" width=\"338\">Lucilene de Abreu Silva<\/td>\n<\/tr>\n<tr>\n<td valign=\"top\" width=\"199\"><strong>5\u00ba Lugar<\/strong><\/td>\n<td valign=\"top\" width=\"338\">Fernanda Assis Ferreira<\/td>\n<\/tr>\n<\/tbody>\n<\/table>\n<h6>CATEGORIA G<span class=\"Apple-converted-space\">\u00a0<\/span><strong>MASCULINO<\/strong><span class=\"Apple-converted-space\">\u00a0<\/span>(NASCIDOS EM 1975 \u00e1 BAIXO)<\/h6>\n<table border=\"1\" cellspacing=\"0\" cellpadding=\"0\">\n<tbody>\n<tr>\n<td valign=\"top\" width=\"199\">\n<h1><em>CLASSIFICA\u00c7\u00c3O<\/em><\/h1>\n<\/td>\n<td valign=\"top\" width=\"338\">\n<h2><strong><em>COMPETIDOR<\/em><\/strong><\/h2>\n<\/td>\n<\/tr>\n<tr>\n<td valign=\"top\" width=\"199\"><strong>1\u00ba Lugar<\/strong><\/td>\n<td valign=\"top\" width=\"338\">\n<h3>MARCOS ROBERTO (PARARACA)<\/h3>\n<\/td>\n<\/tr>\n<tr>\n<td valign=\"top\" width=\"199\"><strong>2\u00ba Lugar<\/strong><\/td>\n<td valign=\"top\" width=\"338\">Valdemar Camilo<\/td>\n<\/tr>\n<tr>\n<td valign=\"top\" width=\"199\"><strong>3\u00ba Lugar<\/strong><\/td>\n<td valign=\"top\" width=\"338\">Leodimar Paes Rosa<\/td>\n<\/tr>\n<tr>\n<td valign=\"top\" width=\"199\"><strong>4\u00ba Lugar<\/strong><\/td>\n<td valign=\"top\" width=\"338\">Olori Paulo Guth<\/td>\n<\/tr>\n<tr>\n<td valign=\"top\" width=\"199\"><strong>5\u00ba Lugar<\/strong><\/td>\n<td valign=\"top\" width=\"338\">Jos\u00e9 Remy Sadan<\/td>\n<\/tr>\n<\/tbody>\n<\/table>\n<h6>\u00a0 CATEGORIA G<span class=\"Apple-converted-space\">\u00a0<\/span><strong>FEMININO<\/strong><span class=\"Apple-converted-space\">\u00a0<\/span>(NASCIDOS EM 1975 \u00e1 BAIXO)<\/h6>\n<table border=\"1\" cellspacing=\"0\" cellpadding=\"0\">\n<tbody>\n<tr>\n<td valign=\"top\" width=\"199\">\n<h1><em>CLASSIFICA\u00c7\u00c3O<\/em><\/h1>\n<\/td>\n<td valign=\"top\" width=\"338\">\n<h2><strong><em>COMPETIDOR<\/em><\/strong><\/h2>\n<\/td>\n<\/tr>\n<tr>\n<td valign=\"top\" width=\"199\"><strong>1\u00ba Lugar<\/strong><\/td>\n<td valign=\"top\" width=\"338\">\n<h3>LUZIA BELINO DA SILVA MORAIS<\/h3>\n<\/td>\n<\/tr>\n<tr>\n<td valign=\"top\" width=\"199\"><strong>2\u00ba Lugar<\/strong><\/td>\n<td valign=\"top\" width=\"338\">Maria do Socorro D. da Silva<\/td>\n<\/tr>\n<tr>\n<td valign=\"top\" width=\"199\"><strong>3\u00ba Lugar<\/strong><\/td>\n<td valign=\"top\" width=\"338\">Maria da Carm\u00e9n<\/td>\n<\/tr>\n<tr>\n<td valign=\"top\" width=\"199\"><strong>4\u00ba Lugar<\/strong><\/td>\n<td valign=\"top\" width=\"338\">Simone Alves Cunha<\/td>\n<\/tr>\n<tr>\n<td valign=\"top\" width=\"199\"><strong>5\u00ba Lugar<\/strong><\/td>\n<td valign=\"top\" width=\"338\">Eva Souza Santos<\/td>\n<\/tr>\n<\/tbody>\n<\/table>\n<h6>CATEGORIA H<span class=\"Apple-converted-space\">\u00a0<\/span><strong>MASCULINO<\/strong><span class=\"Apple-converted-space\">\u00a0<\/span>(LIVRE PARA VISITANTES)<\/h6>\n<table border=\"1\" cellspacing=\"0\" cellpadding=\"0\">\n<tbody>\n<tr>\n<td valign=\"top\" width=\"199\">\n<h1><em>CLASSIFICA\u00c7\u00c3O<\/em><\/h1>\n<\/td>\n<td valign=\"top\" width=\"338\">\n<h2><strong><em>COMPETIDOR<\/em><\/strong><\/h2>\n<\/td>\n<\/tr>\n<tr>\n<td valign=\"top\" width=\"199\"><strong>1\u00ba Lugar<\/strong><\/td>\n<td valign=\"top\" width=\"338\">\n<h3>JO\u00c3O LUIS F. PRADO FILHO (JATA\u00cd)<\/h3>\n<\/td>\n<\/tr>\n<tr>\n<td valign=\"top\" width=\"199\"><strong>2\u00ba Lugar<\/strong><\/td>\n<td valign=\"top\" width=\"338\">Wanderson Alves da Silva (Jata\u00ed)<\/td>\n<\/tr>\n<tr>\n<td valign=\"top\" width=\"199\"><strong>3\u00ba Lugar<\/strong><\/td>\n<td valign=\"top\" width=\"338\">Ant\u00f4nio de Souza Dias (Maraj\u00e1 de Sena)<\/td>\n<\/tr>\n<tr>\n<td valign=\"top\" width=\"199\"><strong>4\u00ba Lugar<\/strong><\/td>\n<td valign=\"top\" width=\"338\">Ronan Morais da Silva (Jata\u00ed)<\/td>\n<\/tr>\n<tr>\n<td valign=\"top\" width=\"199\"><strong>5\u00ba Lugar<\/strong><\/td>\n<td valign=\"top\" width=\"338\">Geosimar de Oliveira Loresto (Cassil\u00e2ndia)<\/td>\n<\/tr>\n<\/tbody>\n<\/table>\n<h6>CATEGORIA H<span class=\"Apple-converted-space\">\u00a0<\/span><strong>FEMININO<\/strong><span class=\"Apple-converted-space\">\u00a0<\/span>(LIVRE PARA VISITANTES)<\/h6>\n<table border=\"1\" cellspacing=\"0\" cellpadding=\"0\">\n<tbody>\n<tr>\n<td valign=\"top\" width=\"199\">\n<h1><em>CLASSIFICA\u00c7\u00c3O<\/em><\/h1>\n<\/td>\n<td valign=\"top\" width=\"338\">\n<h2><strong><em>COMPETIDOR<\/em><\/strong><\/h2>\n<\/td>\n<\/tr>\n<tr>\n<td valign=\"top\" width=\"199\"><strong>1\u00ba Lugar<\/strong><\/td>\n<td valign=\"top\" width=\"338\">\n<h3>THAISE AFONSO DE BRITO (RIO VERDE)<\/h3>\n<\/td>\n<\/tr>\n<tr>\n<td valign=\"top\" width=\"199\"><strong>2\u00ba Lugar<\/strong><\/td>\n<td valign=\"top\" width=\"338\">Joseane Santos de Oliveira (Jata\u00ed)<\/td>\n<\/tr>\n<tr>\n<td valign=\"top\" width=\"199\"><strong>3\u00ba Lugar<\/strong><\/td>\n<td valign=\"top\" width=\"338\">P\u00e2mela K. da C. Marques (Cachoeira Alta)<\/td>\n<\/tr>\n<tr>\n<td valign=\"top\" width=\"199\"><strong>4\u00ba Lugar<\/strong><\/td>\n<td valign=\"top\" width=\"338\">Dianila Carla Melo Mariano (Rio Verde)<\/td>\n<\/tr>\n<tr>\n<td valign=\"top\" width=\"199\"><strong>5\u00ba Lugar<\/strong><\/td>\n<td valign=\"top\" width=\"338\">Cleuniza Moraes Dias (Cachoeira Alta)<\/td>\n<\/tr>\n<\/tbody>\n<\/table>\n<h6>CATEGORIA I<span class=\"Apple-converted-space\">\u00a0<\/span><strong>MASCULINO<\/strong><span class=\"Apple-converted-space\">\u00a0<\/span>(VETERANO PARA VISITANTES)<\/h6>\n<table border=\"1\" cellspacing=\"0\" cellpadding=\"0\">\n<tbody>\n<tr>\n<td valign=\"top\" width=\"199\">\n<h1><em>CLASSIFICA\u00c7\u00c3O<\/em><\/h1>\n<\/td>\n<td valign=\"top\" width=\"338\">\n<h2><strong><em>COMPETIDOR<\/em><\/strong><\/h2>\n<\/td>\n<\/tr>\n<tr>\n<td valign=\"top\" width=\"199\"><strong>1\u00ba Lugar<\/strong><\/td>\n<td valign=\"top\" width=\"338\">\n<h3>DIVINO CABRAL DA SILVA (CACHOEIRA ALTA)<\/h3>\n<\/td>\n<\/tr>\n<tr>\n<td valign=\"top\" width=\"199\"><strong>2\u00ba Lugar<\/strong><\/td>\n<td valign=\"top\" width=\"338\">Jos\u00e9 Maria de Jesus (Campo Grande)<\/td>\n<\/tr>\n<tr>\n<td valign=\"top\" width=\"199\"><strong>3\u00ba Lugar<\/strong><\/td>\n<td valign=\"top\" width=\"338\">Osvaldo Furtado de Assis Neto (Jata\u00ed)<\/td>\n<\/tr>\n<\/tbody>\n<\/table>\n<h6><strong>\u00a0<\/strong>CATEGORIA I<span class=\"Apple-converted-space\">\u00a0<\/span><strong>FEMININO<\/strong><span class=\"Apple-converted-space\">\u00a0<\/span>(VETERANO PARA VISITANTES)<\/h6>\n<table border=\"1\" cellspacing=\"0\" cellpadding=\"0\">\n<tbody>\n<tr>\n<td valign=\"top\" width=\"199\">\n<h1><em>CLASSIFICA\u00c7\u00c3O<\/em><\/h1>\n<\/td>\n<td valign=\"top\" width=\"338\">\n<h2><strong><em>COMPETIDOR<\/em><\/strong><\/h2>\n<\/td>\n<\/tr>\n<tr>\n<td valign=\"top\" width=\"199\"><strong>1\u00ba Lugar<\/strong><\/td>\n<td valign=\"top\" width=\"338\">\n<h3>MARLEYDE DE F\u00c1TIMA COSTA (MARACAJ\u00da)<\/h3>\n<\/td>\n<\/tr>\n<tr>\n<td valign=\"top\" width=\"199\"><strong>2\u00ba Lugar<\/strong><\/td>\n<td valign=\"top\" width=\"338\">\n<h3>ELIDIA MARQUES BRITO (CAMPO GRANDE)<\/h3>\n<\/td>\n<\/tr>\n<tr>\n<td valign=\"top\" width=\"199\"><strong>3\u00ba Lugar<\/strong><\/td>\n<td valign=\"top\" width=\"338\">\n<h3>MARIA DE F\u00c1TIMA OLIVEIRA (CAMPO GRANDE)<\/h3>\n<\/td>\n<\/tr>\n<\/tbody>\n<\/table>\n<h6>CATEGORIA J<span class=\"Apple-converted-space\">\u00a0<\/span><strong>MASCULINO<\/strong><span class=\"Apple-converted-space\">\u00a0<\/span>(MASTER LOCAL 1961 \u00e1 Baixo)<\/h6>\n<table border=\"1\" cellspacing=\"0\" cellpadding=\"0\">\n<tbody>\n<tr>\n<td valign=\"top\" width=\"199\">\n<h1><em>CLASSIFICA\u00c7\u00c3O<\/em><\/h1>\n<\/td>\n<td valign=\"top\" width=\"338\">\n<h2><strong><em>COMPETIDOR<\/em><\/strong><\/h2>\n<\/td>\n<\/tr>\n<tr>\n<td valign=\"top\" width=\"199\"><strong>1\u00ba Lugar<\/strong><\/td>\n<td valign=\"top\" width=\"338\">\n<h3>ODILON BORILLE<\/h3>\n<\/td>\n<\/tr>\n<tr>\n<td valign=\"top\" width=\"199\"><strong>2\u00ba Lugar<\/strong><\/td>\n<td valign=\"top\" width=\"338\">Eduardo Peixoto<\/td>\n<\/tr>\n<tr>\n<td valign=\"top\" width=\"199\"><strong>3\u00ba Lugar<\/strong><\/td>\n<td valign=\"top\" width=\"338\">&#8212;&#8212;&#8212;&#8212;&#8212;&#8212;&#8212;&#8212;&#8212;&#8212;&#8212;&#8212;&#8212;&#8212;&#8212;-<\/td>\n<\/tr>\n<\/tbody>\n<\/table>\n<h6>CATEGORIA J<span class=\"Apple-converted-space\">\u00a0<\/span><strong>FEMININO<\/strong><span class=\"Apple-converted-space\">\u00a0<\/span>(MASTER LOCAL 1961 \u00e1 Baixo)<\/h6>\n<div>\n<table border=\"1\" cellspacing=\"0\" cellpadding=\"0\">\n<tbody>\n<tr>\n<td valign=\"top\" width=\"199\">\n<h6><em>CLASSIFICA\u00c7\u00c3O<\/em><\/h6>\n<\/td>\n<td valign=\"top\" width=\"338\">\n<h6><strong><em>COMPETIDOR<\/em><\/strong><\/h6>\n<\/td>\n<\/tr>\n<tr>\n<td valign=\"top\" width=\"199\">\n<h6><strong>1\u00ba Lugar<\/strong><\/h6>\n<\/td>\n<td valign=\"top\" width=\"338\">\n<h6>MAELI HELENA HAAB (EMPATE)<\/h6>\n<\/td>\n<\/tr>\n<tr>\n<td valign=\"top\" width=\"199\">\n<h6><strong>1\u00ba Lugar<\/strong><\/h6>\n<\/td>\n<td valign=\"top\" width=\"338\">Ana Rosa Gorgen (empate)<\/td>\n<\/tr>\n<\/tbody>\n<\/table>\n<\/div>\n","protected":false},"excerpt":{"rendered":"<p>Chapad\u00e3o do C\u00e9u comemora na pr\u00f3xima sexta-feira 21, 33 anos de sua emancipa\u00e7\u00e3o pol\u00edtico administrativo.\u00a0 A administra\u00e7\u00e3o municipal programou uma s\u00e9rie de atra\u00e7\u00f5es, durante toda a semana para marcar a dar\u00e1. A abertura da programa\u00e7\u00e3o iniciou-se neste domingo, coma realiza\u00e7\u00e3o da 26\u00aa edi\u00e7\u00e3o da Corrida de Rua do munic\u00edpio. VEJA A GALERIA DE FOTOS Al\u00e9m [&hellip;]<\/p>\n","protected":false},"author":4,"featured_media":7932,"comment_status":"closed","ping_status":"closed","sticky":false,"template":"","format":"standard","meta":{"footnotes":""},"categories":[22],"tags":[],"class_list":["post-7931","post","type-post","status-publish","format-standard","has-post-thumbnail","hentry","category-chapadao-do-ceu"],"_links":{"self":[{"href":"https:\/\/www.ocorreionews.com.br\/acervo-correio\/index.php?rest_route=\/wp\/v2\/posts\/7931","targetHints":{"allow":["GET"]}}],"collection":[{"href":"https:\/\/www.ocorreionews.com.br\/acervo-correio\/index.php?rest_route=\/wp\/v2\/posts"}],"about":[{"href":"https:\/\/www.ocorreionews.com.br\/acervo-correio\/index.php?rest_route=\/wp\/v2\/types\/post"}],"author":[{"embeddable":true,"href":"https:\/\/www.ocorreionews.com.br\/acervo-correio\/index.php?rest_route=\/wp\/v2\/users\/4"}],"replies":[{"embeddable":true,"href":"https:\/\/www.ocorreionews.com.br\/acervo-correio\/index.php?rest_route=%2Fwp%2Fv2%2Fcomments&post=7931"}],"version-history":[{"count":0,"href":"https:\/\/www.ocorreionews.com.br\/acervo-correio\/index.php?rest_route=\/wp\/v2\/posts\/7931\/revisions"}],"wp:featuredmedia":[{"embeddable":true,"href":"https:\/\/www.ocorreionews.com.br\/acervo-correio\/index.php?rest_route=\/wp\/v2\/media\/7932"}],"wp:attachment":[{"href":"https:\/\/www.ocorreionews.com.br\/acervo-correio\/index.php?rest_route=%2Fwp%2Fv2%2Fmedia&parent=7931"}],"wp:term":[{"taxonomy":"category","embeddable":true,"href":"https:\/\/www.ocorreionews.com.br\/acervo-correio\/index.php?rest_route=%2Fwp%2Fv2%2Fcategories&post=7931"},{"taxonomy":"post_tag","embeddable":true,"href":"https:\/\/www.ocorreionews.com.br\/acervo-correio\/index.php?rest_route=%2Fwp%2Fv2%2Ftags&post=7931"}],"curies":[{"name":"wp","href":"https:\/\/api.w.org\/{rel}","templated":true}]}}