{"id":7936,"date":"2015-08-17T14:36:25","date_gmt":"2015-08-17T18:36:25","guid":{"rendered":"https:\/\/ocorreionews.com.br\/?p=7936"},"modified":"2015-08-17T14:36:25","modified_gmt":"2015-08-17T18:36:25","slug":"banda-municipal-e-roda-de-capoeira-fechou-o-primeiro-dia-das-festividades-de-chapadao-do-ceu","status":"publish","type":"post","link":"https:\/\/www.ocorreionews.com.br\/acervo-correio\/?p=7936","title":{"rendered":"Banda Municipal e roda de Capoeira fechou o primeiro dia das festividades de Chapad\u00e3o do C\u00e9u"},"content":{"rendered":"<p style=\"text-align: justify;\">A apresenta\u00e7\u00e3o da Banda Municipal Sementes do Cerrado e uma roda de Capoeira, com alunos dos projetos das escolas municipais, enceraram as comemora\u00e7\u00f5es do primeiro dia das festividades dos 33 anos de Chapad\u00e3o do C\u00e9u.<\/p>\n<p style=\"text-align: justify;\">Na oportunidade, a banda Municipal apresentou as novas camisas, que ser\u00e3o usadas em viagens ou em apresenta\u00e7\u00f5es na cidade.<\/p>\n<p style=\"text-align: justify;\"><strong><a href=\"http:\/\/www.chapadaodoceu.go.gov.br\/galeria-de-fotos\/2015\/08\/17\/apresentacao-da-banda-e-roda-de-capoeira\">VEJA MAIS FOTOS\u00a0<\/a><\/strong><\/p>\n<p style=\"text-align: justify;\">Muitas fam\u00edlias estiveram na pra\u00e7a municipal para prestigiar a apresenta\u00e7\u00f5es dos alunos da Banda e da Capoeira<\/p>\n","protected":false},"excerpt":{"rendered":"<p>A apresenta\u00e7\u00e3o da Banda Municipal Sementes do Cerrado e uma roda de Capoeira, com alunos dos projetos das escolas municipais, enceraram as comemora\u00e7\u00f5es do primeiro dia das festividades dos 33 anos de Chapad\u00e3o do C\u00e9u. Na oportunidade, a banda Municipal apresentou as novas camisas, que ser\u00e3o usadas em viagens ou em apresenta\u00e7\u00f5es na cidade. VEJA [&hellip;]<\/p>\n","protected":false},"author":4,"featured_media":7937,"comment_status":"closed","ping_status":"closed","sticky":false,"template":"","format":"standard","meta":{"footnotes":""},"categories":[22],"tags":[],"class_list":["post-7936","post","type-post","status-publish","format-standard","has-post-thumbnail","hentry","category-chapadao-do-ceu"],"_links":{"self":[{"href":"https:\/\/www.ocorreionews.com.br\/acervo-correio\/index.php?rest_route=\/wp\/v2\/posts\/7936","targetHints":{"allow":["GET"]}}],"collection":[{"href":"https:\/\/www.ocorreionews.com.br\/acervo-correio\/index.php?rest_route=\/wp\/v2\/posts"}],"about":[{"href":"https:\/\/www.ocorreionews.com.br\/acervo-correio\/index.php?rest_route=\/wp\/v2\/types\/post"}],"author":[{"embeddable":true,"href":"https:\/\/www.ocorreionews.com.br\/acervo-correio\/index.php?rest_route=\/wp\/v2\/users\/4"}],"replies":[{"embeddable":true,"href":"https:\/\/www.ocorreionews.com.br\/acervo-correio\/index.php?rest_route=%2Fwp%2Fv2%2Fcomments&post=7936"}],"version-history":[{"count":0,"href":"https:\/\/www.ocorreionews.com.br\/acervo-correio\/index.php?rest_route=\/wp\/v2\/posts\/7936\/revisions"}],"wp:featuredmedia":[{"embeddable":true,"href":"https:\/\/www.ocorreionews.com.br\/acervo-correio\/index.php?rest_route=\/wp\/v2\/media\/7937"}],"wp:attachment":[{"href":"https:\/\/www.ocorreionews.com.br\/acervo-correio\/index.php?rest_route=%2Fwp%2Fv2%2Fmedia&parent=7936"}],"wp:term":[{"taxonomy":"category","embeddable":true,"href":"https:\/\/www.ocorreionews.com.br\/acervo-correio\/index.php?rest_route=%2Fwp%2Fv2%2Fcategories&post=7936"},{"taxonomy":"post_tag","embeddable":true,"href":"https:\/\/www.ocorreionews.com.br\/acervo-correio\/index.php?rest_route=%2Fwp%2Fv2%2Ftags&post=7936"}],"curies":[{"name":"wp","href":"https:\/\/api.w.org\/{rel}","templated":true}]}}