{"id":7939,"date":"2015-08-17T17:33:56","date_gmt":"2015-08-17T21:33:56","guid":{"rendered":"https:\/\/ocorreionews.com.br\/?p=7939"},"modified":"2015-08-17T17:36:00","modified_gmt":"2015-08-17T21:36:00","slug":"fumaca-provocou-acidente-grave-envolvendo-10-veiculos-na-br-060-em-rio-verde","status":"publish","type":"post","link":"https:\/\/www.ocorreionews.com.br\/acervo-correio\/?p=7939","title":{"rendered":"Fuma\u00e7a provocou Acidente grave envolvendo 10 ve\u00edculos na BR-060 em Rio Verde"},"content":{"rendered":"<div class=\"imageHolder\">\n<p>Pelo menos 10 ve\u00edculos se envolveram em um grave acidente na tarde desta segunda-feira (17), no km 286 da BR-060, entre as cidades de Indiara e Acre\u00fana. De acordo com a Pol\u00edcia Rodovi\u00e1ria Federal (PRF), o acidente foi provocado por uma nuvem de fuma\u00e7a proveniente de uma queimada no canteiro central da via.<\/p>\n<p>Com a visibilidade prejudicada, os ve\u00edculos foram reduzindo a velocidade e parando, o que provocou colis\u00f5es traseiras entre seis ve\u00edculos de carga e pelo menos quatro de passeio.<\/p>\n<p>Ainda segundo a PRF, viaturas de resgate do Corpo de Bombeiros e Samu das cidades de Palmeiras de Goi\u00e1s, Santa Helena e Rio Verde foram acionadas e cinco pessoas foram encaminhadas ao Hospital Municipal de Acre\u00fana.<\/p>\n<p>O tr\u00e2nsito ficou impedido por um tempo no sentido Goi\u00e2nia para Rio Verde, pois quatro ve\u00edculos de carga estavam tombados e as cargas, de farelo de soja, milho, telha e adubo esparramadas sobre a via. A pista j\u00e1 come\u00e7ou a ser liberada, pois os ve\u00edculos foram levados para o acostamento.<\/p>\n<div class=\"texto\">\n<p>A PRF procura saber quem provocou esse fogo. Caso seja identificado, o causador poder\u00e1 ser preso e responsabilizado pelo danos causados.<\/p>\n<\/div>\n<div class=\"clearfix\"><\/div>\n<div class=\"outrasImagens\">\n<div class=\"imageHolder\">\n<figure style=\"width: 800px\" class=\"wp-caption alignleft\"><img loading=\"lazy\" decoding=\"async\" class=\"img-responsive image-replace\" src=\"http:\/\/www.opopular.com.br\/polopoly_fs\/1.924633.1439836443%21\/image\/image.jpg_gen\/derivatives\/landscape_800\/image.jpg\" alt=\"\" width=\"800\" height=\"600\" data-src=\"\/polopoly_fs\/1.924633.1439836443!\/image\/image.jpg_gen\/derivatives\/{width}\/image.jpg\" \/><figcaption class=\"wp-caption-text\">Carga do caminh\u00e3o ficou espalhada pela pista da BR-060 Divulga\u00e7\u00e3o<\/figcaption><\/figure>\n<div class=\"clearfix\"><\/div>\n<\/div>\n<\/div>\n<p><img loading=\"lazy\" decoding=\"async\" class=\"alignleft wp-image-38646 size-full\" src=\"http:\/\/plantaojti.com.br\/wp-content\/uploads\/2015\/08\/image-12.jpg\" alt=\"image (1)\" width=\"800\" height=\"595\" \/><\/p>\n<figure style=\"width: 800px\" class=\"wp-caption alignnone\"><img loading=\"lazy\" decoding=\"async\" class=\"img-responsive image-replace\" src=\"http:\/\/www.opopular.com.br\/polopoly_fs\/1.924632.1439836378%21\/image\/image.jpg_gen\/derivatives\/landscape_800\/image.jpg\" alt=\"\" width=\"800\" height=\"600\" data-src=\"\/polopoly_fs\/1.924632.1439836378!\/image\/image.jpg_gen\/derivatives\/{width}\/image.jpg\" \/><figcaption class=\"wp-caption-text\">Caminh\u00e3o tomba perto da pista da BR-060<\/figcaption><\/figure>\n<p>&nbsp;<\/p>\n<\/div>\n<div class=\"outrasImagens\">\n<pre class=\"imageHolder\">\u00a0O Popular<\/pre>\n<\/div>\n","protected":false},"excerpt":{"rendered":"<p>Pelo menos 10 ve\u00edculos se envolveram em um grave acidente na tarde desta segunda-feira (17), no km 286 da BR-060, entre as cidades de Indiara e Acre\u00fana. De acordo com a Pol\u00edcia Rodovi\u00e1ria Federal (PRF), o acidente foi provocado por uma nuvem de fuma\u00e7a proveniente de uma queimada no canteiro central da via. Com a [&hellip;]<\/p>\n","protected":false},"author":4,"featured_media":7955,"comment_status":"closed","ping_status":"closed","sticky":false,"template":"","format":"standard","meta":{"footnotes":""},"categories":[38],"tags":[],"class_list":["post-7939","post","type-post","status-publish","format-standard","has-post-thumbnail","hentry","category-policia"],"_links":{"self":[{"href":"https:\/\/www.ocorreionews.com.br\/acervo-correio\/index.php?rest_route=\/wp\/v2\/posts\/7939","targetHints":{"allow":["GET"]}}],"collection":[{"href":"https:\/\/www.ocorreionews.com.br\/acervo-correio\/index.php?rest_route=\/wp\/v2\/posts"}],"about":[{"href":"https:\/\/www.ocorreionews.com.br\/acervo-correio\/index.php?rest_route=\/wp\/v2\/types\/post"}],"author":[{"embeddable":true,"href":"https:\/\/www.ocorreionews.com.br\/acervo-correio\/index.php?rest_route=\/wp\/v2\/users\/4"}],"replies":[{"embeddable":true,"href":"https:\/\/www.ocorreionews.com.br\/acervo-correio\/index.php?rest_route=%2Fwp%2Fv2%2Fcomments&post=7939"}],"version-history":[{"count":0,"href":"https:\/\/www.ocorreionews.com.br\/acervo-correio\/index.php?rest_route=\/wp\/v2\/posts\/7939\/revisions"}],"wp:featuredmedia":[{"embeddable":true,"href":"https:\/\/www.ocorreionews.com.br\/acervo-correio\/index.php?rest_route=\/wp\/v2\/media\/7955"}],"wp:attachment":[{"href":"https:\/\/www.ocorreionews.com.br\/acervo-correio\/index.php?rest_route=%2Fwp%2Fv2%2Fmedia&parent=7939"}],"wp:term":[{"taxonomy":"category","embeddable":true,"href":"https:\/\/www.ocorreionews.com.br\/acervo-correio\/index.php?rest_route=%2Fwp%2Fv2%2Fcategories&post=7939"},{"taxonomy":"post_tag","embeddable":true,"href":"https:\/\/www.ocorreionews.com.br\/acervo-correio\/index.php?rest_route=%2Fwp%2Fv2%2Ftags&post=7939"}],"curies":[{"name":"wp","href":"https:\/\/api.w.org\/{rel}","templated":true}]}}