{"id":7948,"date":"2015-08-17T17:27:50","date_gmt":"2015-08-17T21:27:50","guid":{"rendered":"https:\/\/ocorreionews.com.br\/?p=7948"},"modified":"2015-08-17T17:27:50","modified_gmt":"2015-08-17T21:27:50","slug":"area-verde-da-cidade-e-destruida-pelo-fogo","status":"publish","type":"post","link":"https:\/\/www.ocorreionews.com.br\/acervo-correio\/?p=7948","title":{"rendered":"\u00c1rea verde da cidade \u00e9 destru\u00edda pelo fogo"},"content":{"rendered":"<p style=\"text-align: justify;\">Mais uma vez a \u00e1rea verde, que fica em diferente a Fachasul, voltou a ser destru\u00edda pelo fogo. Todos os anos \u00e9 a mesma coisa, essa \u00e1rea pega fogo e ningu\u00e9m sabe a origem do fogo.<\/p>\n<p style=\"text-align: justify;\">O fogo desta tarde mobilizou os bombeiros, que trabalharam no controle do fogo, para que n\u00e3o se alastrassem para a \u00e1rea pr\u00f3xima. Toda a \u00e1rea foi destru\u00edda pelas chamas.<\/p>\n<p style=\"text-align: justify;\">Apesar de todos os anos, nessa mesma \u00e9poca a \u00e1rea ser atingida por fogo, nenhuma provid\u00eancia \u00e9 tomada. N\u00e3o \u00e9 realizada ao longo da \u00e1rea, um sistema de preven\u00e7\u00e3o, um acero em sua volta. E como sempre o fogo inicia-se nas margens das avenidas.<\/p>\n<p style=\"text-align: justify;\"><a href=\"https:\/\/ocorreionews.com.br\/wp-content\/uploads\/2015\/08\/DSC_6289.jpg\"><img loading=\"lazy\" decoding=\"async\" class=\"alignnone size-full wp-image-7951\" src=\"https:\/\/ocorreionews.com.br\/wp-content\/uploads\/2015\/08\/DSC_6289.jpg\" alt=\"DSC_6289\" width=\"600\" height=\"399\" srcset=\"https:\/\/www.ocorreionews.com.br\/acervo-correio\/wp-content\/uploads\/2015\/08\/DSC_6289.jpg 600w, https:\/\/www.ocorreionews.com.br\/acervo-correio\/wp-content\/uploads\/2015\/08\/DSC_6289-300x200.jpg 300w\" sizes=\"auto, (max-width: 600px) 100vw, 600px\" \/><\/a><\/p>\n<p style=\"text-align: justify;\">Se falam tanto dessas \u00e1reas verdes, onde muitas discuss\u00f5es tem ocorridas, mas, ningu\u00e9m se mobiliza para sua preserva\u00e7\u00e3o. Cada ano se perde um pouco do que resta do cerrado, que originou o nosso munic\u00edpio.<\/p>\n<p style=\"text-align: justify;\">Esperamos que o Minist\u00e9rio P\u00fablico, respons\u00e1vel do meio ambiente, tome medidas que obriguem os respons\u00e1veis a manter a preserva\u00e7\u00e3o e conserva\u00e7\u00e3o intacta dessas \u00e1reas.<\/p>\n<p style=\"text-align: justify;\"><a href=\"https:\/\/ocorreionews.com.br\/wp-content\/uploads\/2015\/08\/DSC_6297.jpg\"><img loading=\"lazy\" decoding=\"async\" class=\"alignnone size-full wp-image-7950\" src=\"https:\/\/ocorreionews.com.br\/wp-content\/uploads\/2015\/08\/DSC_6297.jpg\" alt=\"DSC_6297\" width=\"600\" height=\"399\" srcset=\"https:\/\/www.ocorreionews.com.br\/acervo-correio\/wp-content\/uploads\/2015\/08\/DSC_6297.jpg 600w, https:\/\/www.ocorreionews.com.br\/acervo-correio\/wp-content\/uploads\/2015\/08\/DSC_6297-300x200.jpg 300w\" sizes=\"auto, (max-width: 600px) 100vw, 600px\" \/><\/a><\/p>\n","protected":false},"excerpt":{"rendered":"<p>Mais uma vez a \u00e1rea verde, que fica em diferente a Fachasul, voltou a ser destru\u00edda pelo fogo. Todos os anos \u00e9 a mesma coisa, essa \u00e1rea pega fogo e ningu\u00e9m sabe a origem do fogo. O fogo desta tarde mobilizou os bombeiros, que trabalharam no controle do fogo, para que n\u00e3o se alastrassem para [&hellip;]<\/p>\n","protected":false},"author":4,"featured_media":7949,"comment_status":"closed","ping_status":"closed","sticky":false,"template":"","format":"standard","meta":{"footnotes":""},"categories":[23],"tags":[],"class_list":["post-7948","post","type-post","status-publish","format-standard","has-post-thumbnail","hentry","category-chapadao-do-sul"],"_links":{"self":[{"href":"https:\/\/www.ocorreionews.com.br\/acervo-correio\/index.php?rest_route=\/wp\/v2\/posts\/7948","targetHints":{"allow":["GET"]}}],"collection":[{"href":"https:\/\/www.ocorreionews.com.br\/acervo-correio\/index.php?rest_route=\/wp\/v2\/posts"}],"about":[{"href":"https:\/\/www.ocorreionews.com.br\/acervo-correio\/index.php?rest_route=\/wp\/v2\/types\/post"}],"author":[{"embeddable":true,"href":"https:\/\/www.ocorreionews.com.br\/acervo-correio\/index.php?rest_route=\/wp\/v2\/users\/4"}],"replies":[{"embeddable":true,"href":"https:\/\/www.ocorreionews.com.br\/acervo-correio\/index.php?rest_route=%2Fwp%2Fv2%2Fcomments&post=7948"}],"version-history":[{"count":0,"href":"https:\/\/www.ocorreionews.com.br\/acervo-correio\/index.php?rest_route=\/wp\/v2\/posts\/7948\/revisions"}],"wp:featuredmedia":[{"embeddable":true,"href":"https:\/\/www.ocorreionews.com.br\/acervo-correio\/index.php?rest_route=\/wp\/v2\/media\/7949"}],"wp:attachment":[{"href":"https:\/\/www.ocorreionews.com.br\/acervo-correio\/index.php?rest_route=%2Fwp%2Fv2%2Fmedia&parent=7948"}],"wp:term":[{"taxonomy":"category","embeddable":true,"href":"https:\/\/www.ocorreionews.com.br\/acervo-correio\/index.php?rest_route=%2Fwp%2Fv2%2Fcategories&post=7948"},{"taxonomy":"post_tag","embeddable":true,"href":"https:\/\/www.ocorreionews.com.br\/acervo-correio\/index.php?rest_route=%2Fwp%2Fv2%2Ftags&post=7948"}],"curies":[{"name":"wp","href":"https:\/\/api.w.org\/{rel}","templated":true}]}}