{"id":7958,"date":"2015-08-18T05:26:21","date_gmt":"2015-08-18T09:26:21","guid":{"rendered":"https:\/\/ocorreionews.com.br\/?p=7958"},"modified":"2015-08-18T05:26:21","modified_gmt":"2015-08-18T09:26:21","slug":"paranaiba-soldado-do-corpo-de-bombeiros-levou-cinco-tiros-e-esta-internado","status":"publish","type":"post","link":"https:\/\/www.ocorreionews.com.br\/acervo-correio\/?p=7958","title":{"rendered":"Paranaiba: Soldado do Corpo de Bombeiros levou cinco tiros e est\u00e1 internado"},"content":{"rendered":"<p style=\"text-align: justify;\">Fabr\u00edcio de Lima Teixeira, 26 anos, soldado do Corpo de Bombeiros de Parna\u00edba, foi alvejado com cinco disparos de arma de fogo, ontem no Santo Ant\u00f4nio.<\/p>\n<p style=\"text-align: justify;\">Segundo informa\u00e7\u00f5es levantadas junto a Pol\u00edcia Militar, o Corpo de Bombeiros recebeu uma solicita\u00e7\u00e3o para atender um garoto na Escola Municipal Major Francisco Faustino Dias, no bairro Santo Ant\u00f4nio. Diante do pedido, foi designada uma equipe de Bombeiros at\u00e9 o local, e o soldado Fabr\u00edcio estava fazendo parte desta equipe. Ap\u00f3s os primeiros socorros dados ao menino, no momento em que os bombeiros a colocavam a maca com ele dentro da viatura do Corpo de Bombeiros, o autor dos disparos, que segundo as testemunhas e colegas de trabalho do soldado, trata-se de um homem de 33 anos, chegou em uma Honda Biz, cor vinho e efetuou seis disparos contra o soldado. Um disparo atingiu a porta traseira da viatura e os outros cinco tiros atingiram o soldado. A v\u00edtima sofreu um tiro na face, um no bra\u00e7o esquerdo, um no bra\u00e7o direito, um na regi\u00e3o p\u00e9lvica (regi\u00e3o abaixo do abd\u00f4men) e um na regi\u00e3o cervical.<\/p>\n<p style=\"text-align: justify;\">O autor dos disparos fugiu logo em seguida tomando rumo ignorado. A v\u00edtima foi socorrida pelos outros soldados que estavam com ele na ocorr\u00eancia e encaminhado para a Santa Casa local. Segundo as informa\u00e7\u00f5es da Santa Casa, a v\u00edtima perdeu muito sangue, mas a princ\u00edpio, foi verificado que os tiros n\u00e3o atingiram nenhum \u00f3rg\u00e3o letal.<\/p>\n<p style=\"text-align: justify;\">A suspeita \u00e9 de que havia uma desaven\u00e7a entre o autor e a v\u00edtima, mas o caso est\u00e1 sendo investigado.<\/p>\n<p style=\"text-align: justify;\">Foi levantada a informa\u00e7\u00e3o junto \u00e0 pol\u00edcia, de que a primeira ocorr\u00eancia, em atendimento ao menino na escola, era uma ocorr\u00eancia real, descartando assim a possibilidade de ser uma emboscada, por\u00e9m, o que da a entender que o autor estava seguindo a v\u00edtima no intuito de cometer o crime.<\/p>\n<p style=\"text-align: justify;\">As equipes policiais est\u00e3o empenhadas em dilig\u00eancias no intuito de localizar o principal suspeito de ter efetuado os disparos.<br \/>\nA qualquer momento atualizaremos a mat\u00e9ri<\/p>\n","protected":false},"excerpt":{"rendered":"<p>Fabr\u00edcio de Lima Teixeira, 26 anos, soldado do Corpo de Bombeiros de Parna\u00edba, foi alvejado com cinco disparos de arma de fogo, ontem no Santo Ant\u00f4nio. Segundo informa\u00e7\u00f5es levantadas junto a Pol\u00edcia Militar, o Corpo de Bombeiros recebeu uma solicita\u00e7\u00e3o para atender um garoto na Escola Municipal Major Francisco Faustino Dias, no bairro Santo Ant\u00f4nio. [&hellip;]<\/p>\n","protected":false},"author":4,"featured_media":7959,"comment_status":"closed","ping_status":"closed","sticky":false,"template":"","format":"standard","meta":{"footnotes":""},"categories":[38],"tags":[],"class_list":["post-7958","post","type-post","status-publish","format-standard","has-post-thumbnail","hentry","category-policia"],"_links":{"self":[{"href":"https:\/\/www.ocorreionews.com.br\/acervo-correio\/index.php?rest_route=\/wp\/v2\/posts\/7958","targetHints":{"allow":["GET"]}}],"collection":[{"href":"https:\/\/www.ocorreionews.com.br\/acervo-correio\/index.php?rest_route=\/wp\/v2\/posts"}],"about":[{"href":"https:\/\/www.ocorreionews.com.br\/acervo-correio\/index.php?rest_route=\/wp\/v2\/types\/post"}],"author":[{"embeddable":true,"href":"https:\/\/www.ocorreionews.com.br\/acervo-correio\/index.php?rest_route=\/wp\/v2\/users\/4"}],"replies":[{"embeddable":true,"href":"https:\/\/www.ocorreionews.com.br\/acervo-correio\/index.php?rest_route=%2Fwp%2Fv2%2Fcomments&post=7958"}],"version-history":[{"count":0,"href":"https:\/\/www.ocorreionews.com.br\/acervo-correio\/index.php?rest_route=\/wp\/v2\/posts\/7958\/revisions"}],"wp:featuredmedia":[{"embeddable":true,"href":"https:\/\/www.ocorreionews.com.br\/acervo-correio\/index.php?rest_route=\/wp\/v2\/media\/7959"}],"wp:attachment":[{"href":"https:\/\/www.ocorreionews.com.br\/acervo-correio\/index.php?rest_route=%2Fwp%2Fv2%2Fmedia&parent=7958"}],"wp:term":[{"taxonomy":"category","embeddable":true,"href":"https:\/\/www.ocorreionews.com.br\/acervo-correio\/index.php?rest_route=%2Fwp%2Fv2%2Fcategories&post=7958"},{"taxonomy":"post_tag","embeddable":true,"href":"https:\/\/www.ocorreionews.com.br\/acervo-correio\/index.php?rest_route=%2Fwp%2Fv2%2Ftags&post=7958"}],"curies":[{"name":"wp","href":"https:\/\/api.w.org\/{rel}","templated":true}]}}