{"id":7962,"date":"2015-08-18T05:59:59","date_gmt":"2015-08-18T09:59:59","guid":{"rendered":"https:\/\/ocorreionews.com.br\/?p=7962"},"modified":"2015-08-18T06:00:58","modified_gmt":"2015-08-18T10:00:58","slug":"com-apoio-dos-vereadores-ctg-vai-realizar-o-rodeio-crioulo-em-chapadao-do-sul","status":"publish","type":"post","link":"https:\/\/www.ocorreionews.com.br\/acervo-correio\/?p=7962","title":{"rendered":"Com apoio dos vereadores CTG vai realizar o Rodeio Crioulo em Chapad\u00e3o do Sul"},"content":{"rendered":"<p>Em uma reuni\u00e3o realizada na tarde de ontem, na C\u00e2mara Municipal, com a patronagem do CTG e os vereadores, definiu a realiza\u00e7\u00e3o do 8\u00ba Rodeio Crioulo em Chapad\u00e3o do Sul, que vai ocorrer nos dias, 31 de outubro e 1\u00ba de novembro.<\/p>\n<p>A Patronagem solicitou apoio financeiro do Legislativo, onde os 09 vereadores, foram favor\u00e1veis a devolu\u00e7\u00e3o de R$ 25 mil reais do duod\u00e9cimo para ajudar na realiza\u00e7\u00e3o do evento cultural no munic\u00edpio.<\/p>\n<p>Com o apoio dos vereadores, a patronagem busca agora o apoio no Executivo, para que seja elaborado o Projeto e encaminhado, para ser aprovado em plen\u00e1rio pelos vereadores.<\/p>\n<p>J\u00e1 est\u00e3o confirmados a participa\u00e7\u00e3o de 09 CTG\u2019s em nosso munic\u00edpio.<\/p>\n<p>O Rodeio Art\u00edstico de Mato Grosso do Sul \u00e9 realizado duas vezes por ano e serve, al\u00e9m de prepara\u00e7\u00e3o para o FEGAMS (Festival Sul-mato-grossense do Folclore e Tradi\u00e7\u00e3o Ga\u00facha), como motivador dos grupos e a manuten\u00e7\u00e3o dos mesmos em atividade durante todo o ano.<\/p>\n<p>O Patr\u00e3o do CTG Toninho Assun\u00e7\u00e3o agradeceu aos vereadores e falou da import\u00e2ncia do evento para cultura ga\u00facha no estado.<\/p>\n<p>\u201cQuando se trata de apoiar a cultura estamos sempre \u00e0 disposi\u00e7\u00e3o\u201d, disse a presidente da Casa de Leis.<\/p>\n<p>Tamb\u00e9m ficou definido que a C\u00e2mara Municipal vai realizar uma sess\u00e3o solene, no galp\u00e3o crioulo durante a realiza\u00e7\u00e3o da Semana Farroupilha , que vai correr ente os dias 11 a 20 de setembro em Chapad\u00e3o do Sul.<\/p>\n<p>foto -Assessoria de imprensa do CTG<\/p>\n","protected":false},"excerpt":{"rendered":"<p>Em uma reuni\u00e3o realizada na tarde de ontem, na C\u00e2mara Municipal, com a patronagem do CTG e os vereadores, definiu a realiza\u00e7\u00e3o do 8\u00ba Rodeio Crioulo em Chapad\u00e3o do Sul, que vai ocorrer nos dias, 31 de outubro e 1\u00ba de novembro. A Patronagem solicitou apoio financeiro do Legislativo, onde os 09 vereadores, foram favor\u00e1veis [&hellip;]<\/p>\n","protected":false},"author":4,"featured_media":7963,"comment_status":"closed","ping_status":"closed","sticky":false,"template":"","format":"standard","meta":{"footnotes":""},"categories":[23],"tags":[],"class_list":["post-7962","post","type-post","status-publish","format-standard","has-post-thumbnail","hentry","category-chapadao-do-sul"],"_links":{"self":[{"href":"https:\/\/www.ocorreionews.com.br\/acervo-correio\/index.php?rest_route=\/wp\/v2\/posts\/7962","targetHints":{"allow":["GET"]}}],"collection":[{"href":"https:\/\/www.ocorreionews.com.br\/acervo-correio\/index.php?rest_route=\/wp\/v2\/posts"}],"about":[{"href":"https:\/\/www.ocorreionews.com.br\/acervo-correio\/index.php?rest_route=\/wp\/v2\/types\/post"}],"author":[{"embeddable":true,"href":"https:\/\/www.ocorreionews.com.br\/acervo-correio\/index.php?rest_route=\/wp\/v2\/users\/4"}],"replies":[{"embeddable":true,"href":"https:\/\/www.ocorreionews.com.br\/acervo-correio\/index.php?rest_route=%2Fwp%2Fv2%2Fcomments&post=7962"}],"version-history":[{"count":0,"href":"https:\/\/www.ocorreionews.com.br\/acervo-correio\/index.php?rest_route=\/wp\/v2\/posts\/7962\/revisions"}],"wp:featuredmedia":[{"embeddable":true,"href":"https:\/\/www.ocorreionews.com.br\/acervo-correio\/index.php?rest_route=\/wp\/v2\/media\/7963"}],"wp:attachment":[{"href":"https:\/\/www.ocorreionews.com.br\/acervo-correio\/index.php?rest_route=%2Fwp%2Fv2%2Fmedia&parent=7962"}],"wp:term":[{"taxonomy":"category","embeddable":true,"href":"https:\/\/www.ocorreionews.com.br\/acervo-correio\/index.php?rest_route=%2Fwp%2Fv2%2Fcategories&post=7962"},{"taxonomy":"post_tag","embeddable":true,"href":"https:\/\/www.ocorreionews.com.br\/acervo-correio\/index.php?rest_route=%2Fwp%2Fv2%2Ftags&post=7962"}],"curies":[{"name":"wp","href":"https:\/\/api.w.org\/{rel}","templated":true}]}}