{"id":7988,"date":"2015-08-18T09:29:11","date_gmt":"2015-08-18T13:29:11","guid":{"rendered":"https:\/\/ocorreionews.com.br\/?p=7988"},"modified":"2015-08-18T09:29:11","modified_gmt":"2015-08-18T13:29:11","slug":"semana-farroupilha-tera-trovadores-do-rio-grande-do-sul","status":"publish","type":"post","link":"https:\/\/www.ocorreionews.com.br\/acervo-correio\/?p=7988","title":{"rendered":"Semana Farroupilha ter\u00e1 trovadores do Rio Grande do Sul"},"content":{"rendered":"<p style=\"text-align: justify;\">Durante a realiza\u00e7\u00e3o da reuni\u00e3o de ontem da patronagem do CTG, o patr\u00e3o Toninho Assun\u00e7\u00e3o, anunciou a atra\u00e7\u00e3o da semana farroupilha do CTG, para os dias 18,19 e 20, que ter\u00e1 a participa\u00e7\u00e3o dos Trovadores Jadir de Oliveira e Jadir Filho.<\/p>\n<p style=\"text-align: justify;\">\n<p style=\"text-align: justify;\">O pajador Jadir Oliveira e o filho Jadir Oliveira Filho, que \u00e9 trovador, s\u00e3o os maiores vencedores dos festivais ga\u00fachos e, tem a facilidade de se fazer versos de improvisos.<\/p>\n<p style=\"text-align: justify;\">A participa\u00e7\u00e3o dos dois trovadores e mais um gaiteiro, tem o patroc\u00ednio do Super Aurora e J\u00falio Martins.<\/p>\n<p style=\"text-align: justify;\">Veja abaixo um dos versos do Pajador:<\/p>\n<p style=\"text-align: justify;\"><strong><span style=\"color: #ff0000;\">Quando Canta Um Pajador<\/span><\/strong><\/p>\n<p style=\"text-align: justify;\">Jadir Oliveira<\/p>\n<p style=\"text-align: justify;\">\n<p style=\"text-align: justify;\">Se um pajador abre o peito<\/p>\n<p style=\"text-align: justify;\">A natureza emudece<\/p>\n<p style=\"text-align: justify;\">O vento solta uma prece<\/p>\n<p style=\"text-align: justify;\">Num sacrossanto respeito<\/p>\n<p style=\"text-align: justify;\">O rio se aquieta no leito<\/p>\n<p style=\"text-align: justify;\">O campo abre-se em flores<\/p>\n<p style=\"text-align: justify;\">Os p\u00e1ssaros multi-cores<\/p>\n<p style=\"text-align: justify;\">Se esquecem de cantar<\/p>\n<p style=\"text-align: justify;\">S\u00f3 pra poder escutar<\/p>\n<p style=\"text-align: justify;\">O canto dos pajadores<\/p>\n<p style=\"text-align: justify;\">\n<p style=\"text-align: justify;\">Quando canta um pajador<\/p>\n<p style=\"text-align: justify;\">A poesia se refaz<\/p>\n<p style=\"text-align: justify;\">\u00c9 uma bandeira de paz<\/p>\n<p style=\"text-align: justify;\">Hasteada em prol do amor<\/p>\n<p style=\"text-align: justify;\">Pra o poeta sonhador<\/p>\n<p style=\"text-align: justify;\">\u00c9 bem mais que uma bandeira<\/p>\n<p style=\"text-align: justify;\">\u00c9 a mensagem verdadeira<\/p>\n<p style=\"text-align: justify;\">Anunciando aos demais<\/p>\n<p style=\"text-align: justify;\">Que todos somos iguais<\/p>\n<p style=\"text-align: justify;\">E o canto n\u00e3o tem fronteira<\/p>\n<p style=\"text-align: justify;\">\n<p style=\"text-align: justify;\">Quando um cantor se desdobra<\/p>\n<p style=\"text-align: justify;\">E uma guitarra se exalta<\/p>\n<p style=\"text-align: justify;\">O que no mundo anda em falta<\/p>\n<p style=\"text-align: justify;\">Tenho na alma de sobra<\/p>\n<p style=\"text-align: justify;\">E cada verso \u00e9 uma obra<\/p>\n<p style=\"text-align: justify;\">Com destino diferente<\/p>\n<p style=\"text-align: justify;\">Que surge como vertente<\/p>\n<p style=\"text-align: justify;\">Do manancial mais profundo<\/p>\n<p style=\"text-align: justify;\">Depois de rodar o mundo<\/p>\n<p style=\"text-align: justify;\">Retorna sempre pra gente<\/p>\n<p style=\"text-align: justify;\">\n<p style=\"text-align: justify;\">Quando canta um pajador<\/p>\n<p style=\"text-align: justify;\">At\u00e9 o pr\u00f3prio vento escuta<\/p>\n<p style=\"text-align: justify;\">E uma paz absoluta<\/p>\n<p style=\"text-align: justify;\">Brota na alma do cantor<\/p>\n<p style=\"text-align: justify;\">Um sorriso estanca a dor<\/p>\n<p style=\"text-align: justify;\">Pra noite parir o dia<\/p>\n<p style=\"text-align: justify;\">Torna-se livre a poesia<\/p>\n<p style=\"text-align: justify;\">Sempre que um verso se escapa<\/p>\n<p style=\"text-align: justify;\">Desenhando um novo mapa<\/p>\n<p style=\"text-align: justify;\">Na estampa da geografia<\/p>\n<p style=\"text-align: justify;\">\u00a0Quem canta a alma do povo<\/p>\n<p style=\"text-align: justify;\">Traz alento \u00e0 pr\u00f3pria alma<\/p>\n<p style=\"text-align: justify;\">Quando a guitarra se acalma<\/p>\n<p style=\"text-align: justify;\">Meu verso nasce de novo<\/p>\n<p style=\"text-align: justify;\">Me emociono, me comovo<\/p>\n<p style=\"text-align: justify;\">Por\u00e9m nunca me disperso<\/p>\n<p style=\"text-align: justify;\">Nos confins desse universo<\/p>\n<p style=\"text-align: justify;\">Ecoa meu canto forte<\/p>\n<p style=\"text-align: justify;\">E nem mesmo a pr\u00f3pria morte<\/p>\n<p style=\"text-align: justify;\">Pode silenciar meu verso<\/p>\n","protected":false},"excerpt":{"rendered":"<p>Durante a realiza\u00e7\u00e3o da reuni\u00e3o de ontem da patronagem do CTG, o patr\u00e3o Toninho Assun\u00e7\u00e3o, anunciou a atra\u00e7\u00e3o da semana farroupilha do CTG, para os dias 18,19 e 20, que ter\u00e1 a participa\u00e7\u00e3o dos Trovadores Jadir de Oliveira e Jadir Filho. O pajador Jadir Oliveira e o filho Jadir Oliveira Filho, que \u00e9 trovador, s\u00e3o [&hellip;]<\/p>\n","protected":false},"author":4,"featured_media":8007,"comment_status":"closed","ping_status":"closed","sticky":false,"template":"","format":"standard","meta":{"footnotes":""},"categories":[23],"tags":[],"class_list":["post-7988","post","type-post","status-publish","format-standard","has-post-thumbnail","hentry","category-chapadao-do-sul"],"_links":{"self":[{"href":"https:\/\/www.ocorreionews.com.br\/acervo-correio\/index.php?rest_route=\/wp\/v2\/posts\/7988","targetHints":{"allow":["GET"]}}],"collection":[{"href":"https:\/\/www.ocorreionews.com.br\/acervo-correio\/index.php?rest_route=\/wp\/v2\/posts"}],"about":[{"href":"https:\/\/www.ocorreionews.com.br\/acervo-correio\/index.php?rest_route=\/wp\/v2\/types\/post"}],"author":[{"embeddable":true,"href":"https:\/\/www.ocorreionews.com.br\/acervo-correio\/index.php?rest_route=\/wp\/v2\/users\/4"}],"replies":[{"embeddable":true,"href":"https:\/\/www.ocorreionews.com.br\/acervo-correio\/index.php?rest_route=%2Fwp%2Fv2%2Fcomments&post=7988"}],"version-history":[{"count":0,"href":"https:\/\/www.ocorreionews.com.br\/acervo-correio\/index.php?rest_route=\/wp\/v2\/posts\/7988\/revisions"}],"wp:featuredmedia":[{"embeddable":true,"href":"https:\/\/www.ocorreionews.com.br\/acervo-correio\/index.php?rest_route=\/wp\/v2\/media\/8007"}],"wp:attachment":[{"href":"https:\/\/www.ocorreionews.com.br\/acervo-correio\/index.php?rest_route=%2Fwp%2Fv2%2Fmedia&parent=7988"}],"wp:term":[{"taxonomy":"category","embeddable":true,"href":"https:\/\/www.ocorreionews.com.br\/acervo-correio\/index.php?rest_route=%2Fwp%2Fv2%2Fcategories&post=7988"},{"taxonomy":"post_tag","embeddable":true,"href":"https:\/\/www.ocorreionews.com.br\/acervo-correio\/index.php?rest_route=%2Fwp%2Fv2%2Ftags&post=7988"}],"curies":[{"name":"wp","href":"https:\/\/api.w.org\/{rel}","templated":true}]}}