{"id":7998,"date":"2015-08-18T08:30:19","date_gmt":"2015-08-18T12:30:19","guid":{"rendered":"https:\/\/ocorreionews.com.br\/?p=7998"},"modified":"2015-08-18T08:54:14","modified_gmt":"2015-08-18T12:54:14","slug":"se-depender-de-mim-motoshow-acabou-diz-promotor-antonio-carlos","status":"publish","type":"post","link":"https:\/\/www.ocorreionews.com.br\/acervo-correio\/?p=7998","title":{"rendered":"\u201cSe depender de mim, Motoshow acabou\u201d, diz promotor Antonio Carlos"},"content":{"rendered":"<div class=\"content_text_11988\">\n<p>O promotor Antonio Carlos Garcia de Oliveira, (Tot\u00f3) revelou nesta segunda-feira (17) que se depender dele, n\u00e3o haver\u00e1 mais o Motoshow no pr\u00f3ximo ano. Na opini\u00e3o do idealizador do evento, que vem sendo realizado h\u00e1 14 anos em Tr\u00eas Lagoas pode chegar ao fim. \u201cVai depender do Rotary, mas estou fora\u201d, desabafou<\/p>\n<p>Tot\u00f3 disse ainda que deveria ser um final de semana festivo em Tr\u00eas Lagoas, com a presen\u00e7a de milhares de turistas, compostos de empres\u00e1rios e profissionais liberais e demais amantes do motociclismo. Por\u00e9m, nada disso aconteceu. Fiscaliza\u00e7\u00e3o rigorosa e excessivas colocaram muita gente para correr da cidade como se fossem bandidos. \u201cN\u00e3o \u00e9 assim que recebe turistas\u201d, reiterou.<\/p>\n<p>EXCESSO DE ZELO<\/p>\n<p>N\u00e3o sou contra fiscaliza\u00e7\u00e3o e nem atuar quando as pessoas se excedem e n\u00e3o esteja regularizada, para andarem com seus ve\u00edculos e motos. Houve excesso de zelo. \u201cPor isso estou fazendo um comunicado dizendo que n\u00e3o vou deixar meus 40 anos de amor ao motociclismo, de participar dos eventos, compartilhar com meus familiares e amigos motociclistas \u00e0 alegria devido a esse incidente\u201d.<\/p>\n<\/div>\n<div class=\"img_left component_image_4992\">\n<div class=\"\">\n<div class=\"\"><\/div>\n<p><a class=\"ampliar_imagem\" title=\"\" href=\"http:\/\/www.tlnoticias.com.br\/media\/images\/4992\/4992\/tmp\/wmX-318x159x4-55d261b3a1bd7417a330b279b441fe405b913c5ceaa74.jpg\"><img loading=\"lazy\" decoding=\"async\" src=\"http:\/\/www.tlnoticias.com.br\/media\/images\/4992\/4992\/tmp\/300x150x4-55d261b3a1bd7417a330b279b441fe405b913c5ceaa74.jpg\" alt=\"\" width=\"300\" height=\"150\" \/><\/a><\/div>\n<\/div>\n<div class=\"content_text_11989\">\n<p>EVENTO BENEFICENTE<\/p>\n<p>Devido aos problemas causados aos seus amigos e convidados que vieram de v\u00e1rias regi\u00f5es do Pa\u00eds, o promotor anunciou vai deixar de estar \u00e0 frente de um evento t\u00e3o importante e grandioso como \u00e9 o Motoshow.<\/p>\n<p>De acordo com Oliveira, \u201cforam 14 anos ininterruptos, sempre com arrecada\u00e7\u00e3o destinada a uma institui\u00e7\u00e3o beneficente, na qual ajudamos muitas e muitas entidades. Saio de cabe\u00e7a erguida e com o sentimento de dever comprido\u201d.<\/p>\n<p>Completou ainda, que muitos amigos vieram confidenciar e at\u00e9 reclamar das vistorias cont\u00ednuas e que passou de certa forma \u201cvergonha\u201d, por convidar os amigos a virem prestigiar o evento.<\/p>\n<\/div>\n<p>&nbsp;<\/p>\n<p>Fonte: Perfil News<\/p>\n","protected":false},"excerpt":{"rendered":"<p>O promotor Antonio Carlos Garcia de Oliveira, (Tot\u00f3) revelou nesta segunda-feira (17) que se depender dele, n\u00e3o haver\u00e1 mais o Motoshow no pr\u00f3ximo ano. Na opini\u00e3o do idealizador do evento, que vem sendo realizado h\u00e1 14 anos em Tr\u00eas Lagoas pode chegar ao fim. \u201cVai depender do Rotary, mas estou fora\u201d, desabafou Tot\u00f3 disse ainda [&hellip;]<\/p>\n","protected":false},"author":4,"featured_media":7999,"comment_status":"closed","ping_status":"closed","sticky":false,"template":"","format":"standard","meta":{"footnotes":""},"categories":[31],"tags":[],"class_list":["post-7998","post","type-post","status-publish","format-standard","has-post-thumbnail","hentry","category-geral"],"_links":{"self":[{"href":"https:\/\/www.ocorreionews.com.br\/acervo-correio\/index.php?rest_route=\/wp\/v2\/posts\/7998","targetHints":{"allow":["GET"]}}],"collection":[{"href":"https:\/\/www.ocorreionews.com.br\/acervo-correio\/index.php?rest_route=\/wp\/v2\/posts"}],"about":[{"href":"https:\/\/www.ocorreionews.com.br\/acervo-correio\/index.php?rest_route=\/wp\/v2\/types\/post"}],"author":[{"embeddable":true,"href":"https:\/\/www.ocorreionews.com.br\/acervo-correio\/index.php?rest_route=\/wp\/v2\/users\/4"}],"replies":[{"embeddable":true,"href":"https:\/\/www.ocorreionews.com.br\/acervo-correio\/index.php?rest_route=%2Fwp%2Fv2%2Fcomments&post=7998"}],"version-history":[{"count":0,"href":"https:\/\/www.ocorreionews.com.br\/acervo-correio\/index.php?rest_route=\/wp\/v2\/posts\/7998\/revisions"}],"wp:featuredmedia":[{"embeddable":true,"href":"https:\/\/www.ocorreionews.com.br\/acervo-correio\/index.php?rest_route=\/wp\/v2\/media\/7999"}],"wp:attachment":[{"href":"https:\/\/www.ocorreionews.com.br\/acervo-correio\/index.php?rest_route=%2Fwp%2Fv2%2Fmedia&parent=7998"}],"wp:term":[{"taxonomy":"category","embeddable":true,"href":"https:\/\/www.ocorreionews.com.br\/acervo-correio\/index.php?rest_route=%2Fwp%2Fv2%2Fcategories&post=7998"},{"taxonomy":"post_tag","embeddable":true,"href":"https:\/\/www.ocorreionews.com.br\/acervo-correio\/index.php?rest_route=%2Fwp%2Fv2%2Ftags&post=7998"}],"curies":[{"name":"wp","href":"https:\/\/api.w.org\/{rel}","templated":true}]}}