{"id":8023,"date":"2015-08-18T10:44:41","date_gmt":"2015-08-18T14:44:41","guid":{"rendered":"https:\/\/ocorreionews.com.br\/?p=8023"},"modified":"2015-08-18T10:44:41","modified_gmt":"2015-08-18T14:44:41","slug":"prefeito-ivan-participau-de-reuniao-de-pais-que-aconteceu-em-paraiso-das-agua","status":"publish","type":"post","link":"https:\/\/www.ocorreionews.com.br\/acervo-correio\/?p=8023","title":{"rendered":"Prefeito Ivan participau de reuni\u00e3o de pais que aconteceu  em Para\u00edso das \u00c1gua"},"content":{"rendered":"<p>O Prefeito Municipal de Para\u00edso das \u00c1guas, Ivan da Cruz Pereira (PMDB) esteve na manh\u00e3 desta segunda-feira, dia 17, na escola municipal Prof. Lizete Rivelli Alpe participando de uma reuni\u00e3o de pais, onde foram entregues as notas dos alunos referentes ao segundo bimestre do ano letivo.<\/p>\n<p>Na ocasi\u00e3o, o Prefeito comentou a import\u00e2ncia da intera\u00e7\u00e3o entre pais, professores, dire\u00e7\u00e3o e alunos para o melhoramento da educa\u00e7\u00e3o no munic\u00edpio.<\/p>\n<p>\u201c\u00c9 muito importante que os pais estejam participando da vida escolar dos filhos, para que juntos consigamos uma educa\u00e7\u00e3o de excel\u00eancia \u201cmencionou.<\/p>\n<p>O prefeito tamb\u00e9m citou sua preocupa\u00e7\u00e3o com um transporte escolar de qualidade,\u00a0enfatizou a import\u00e2ncia da merenda escolar, que \u00e9 acompanhada por uma nutricionista e ressaltou os investimentos feitos no apostilado usado pela rede municipal de ensino.<\/p>\n<p>\u201c Adotamos o m\u00e9todo de ensino positivo para garantir aos nossos alunos uma melhor qualidade no aprendizado\u201d, finalizou.<\/p>\n<p>O diretor da escola Marcio Rog\u00e9rio aproveitou a oportunidade e falou sobre a import\u00e2ncia da presen\u00e7a dos pais na institui\u00e7\u00e3o de ensino.<\/p>\n<p>\u201c Quando os pais participam das reuni\u00f5es e eventos da escola a crian\u00e7a se sente valorizada e motivada a estudar\u201d disse ele.<\/p>\n<p>O diretor tamb\u00e9m\u00a0citou a relev\u00e2ncia do parque, que foi reformado para uso da educa\u00e7\u00e3o infantil, e que \u00e9 parte fundamental no desenvolvimento das crian\u00e7as.<\/p>\n<p>A escola Lizete Rivelli Alpe atende 503 alunos, matriculados desde a educa\u00e7\u00e3o infantil at\u00e9 o nono ano do ensino fundamental.<\/p>\n<p>&nbsp;<\/p>\n<p>&nbsp;<\/p>\n<p>Assecom- PMPA<\/p>\n","protected":false},"excerpt":{"rendered":"<p>O Prefeito Municipal de Para\u00edso das \u00c1guas, Ivan da Cruz Pereira (PMDB) esteve na manh\u00e3 desta segunda-feira, dia 17, na escola municipal Prof. Lizete Rivelli Alpe participando de uma reuni\u00e3o de pais, onde foram entregues as notas dos alunos referentes ao segundo bimestre do ano letivo. Na ocasi\u00e3o, o Prefeito comentou a import\u00e2ncia da intera\u00e7\u00e3o [&hellip;]<\/p>\n","protected":false},"author":4,"featured_media":8024,"comment_status":"closed","ping_status":"closed","sticky":false,"template":"","format":"standard","meta":{"footnotes":""},"categories":[36],"tags":[],"class_list":["post-8023","post","type-post","status-publish","format-standard","has-post-thumbnail","hentry","category-paraiso-das-aguas"],"_links":{"self":[{"href":"https:\/\/www.ocorreionews.com.br\/acervo-correio\/index.php?rest_route=\/wp\/v2\/posts\/8023","targetHints":{"allow":["GET"]}}],"collection":[{"href":"https:\/\/www.ocorreionews.com.br\/acervo-correio\/index.php?rest_route=\/wp\/v2\/posts"}],"about":[{"href":"https:\/\/www.ocorreionews.com.br\/acervo-correio\/index.php?rest_route=\/wp\/v2\/types\/post"}],"author":[{"embeddable":true,"href":"https:\/\/www.ocorreionews.com.br\/acervo-correio\/index.php?rest_route=\/wp\/v2\/users\/4"}],"replies":[{"embeddable":true,"href":"https:\/\/www.ocorreionews.com.br\/acervo-correio\/index.php?rest_route=%2Fwp%2Fv2%2Fcomments&post=8023"}],"version-history":[{"count":0,"href":"https:\/\/www.ocorreionews.com.br\/acervo-correio\/index.php?rest_route=\/wp\/v2\/posts\/8023\/revisions"}],"wp:featuredmedia":[{"embeddable":true,"href":"https:\/\/www.ocorreionews.com.br\/acervo-correio\/index.php?rest_route=\/wp\/v2\/media\/8024"}],"wp:attachment":[{"href":"https:\/\/www.ocorreionews.com.br\/acervo-correio\/index.php?rest_route=%2Fwp%2Fv2%2Fmedia&parent=8023"}],"wp:term":[{"taxonomy":"category","embeddable":true,"href":"https:\/\/www.ocorreionews.com.br\/acervo-correio\/index.php?rest_route=%2Fwp%2Fv2%2Fcategories&post=8023"},{"taxonomy":"post_tag","embeddable":true,"href":"https:\/\/www.ocorreionews.com.br\/acervo-correio\/index.php?rest_route=%2Fwp%2Fv2%2Ftags&post=8023"}],"curies":[{"name":"wp","href":"https:\/\/api.w.org\/{rel}","templated":true}]}}