{"id":8027,"date":"2015-08-18T10:55:55","date_gmt":"2015-08-18T14:55:55","guid":{"rendered":"https:\/\/ocorreionews.com.br\/?p=8027"},"modified":"2015-08-18T10:55:55","modified_gmt":"2015-08-18T14:55:55","slug":"atentado-contra-bombeiro-teve-motivo-passional-aponta-policia","status":"publish","type":"post","link":"https:\/\/www.ocorreionews.com.br\/acervo-correio\/?p=8027","title":{"rendered":"Atentado contra bombeiro teve motivo passional, aponta pol\u00edcia"},"content":{"rendered":"<p>O atentado contra o soldado do Corpo de Bombeiros Fabr\u00edcio de Lima Teixeira, 26 anos, teria tido motivo passional, de acordo com o\u00a0delegado Edilson dos Santos, titular do Grupo Especializada de Roubo a Banco, Assaltos e Sequestros (Garras), acionado para auxiliar nas investiga\u00e7\u00f5es.<a href=\"http:\/\/www.correiodoestado.com.br\/cidades\/soldado-do-corpo-de-bombeiros-e-atingido-por-cinco-tiros-durante\/255295\/\" target=\"_self\"><strong><span class=\"Apple-converted-space\">\u00a0<\/span><\/strong><\/a><strong>O rapaz foi atingido com cinco tiros na tarde de ontem (17), enquanto atendia a uma ocorr\u00eancia de mal s\u00fabito, em frente de uma escola no Bairro Santo Ant\u00f4nio, em Parana\u00edba<\/strong>.<\/p>\n<p>De acordo com a autoridade policial, foi apurado at\u00e9 agora que o motivo da tentativa de assassinato teria sido passional. Ele\u00a0preferiu n\u00e3o divulgar mais informa\u00e7\u00f5es para n\u00e3o comprometer os trabalhados policiais, que s\u00e3o coordenados pelo delegado de Parana\u00edba, Francisco Ant\u00f4nio.<\/p>\n<p><strong>ESTADO DE SA\u00daDE<\/strong><\/p>\n<p>Fabr\u00edcio foi transferido para a Santa Casa de Campo Grande, no come\u00e7o da madrugada de hoje, \u00a0e est\u00e1\u00a0sendo submetido \u00e0 cirurgia, nesta manh\u00e3.<\/p>\n<p>De acordo com informa\u00e7\u00f5es da assessoria de imprensa do hospital, o estado de sa\u00fade dele ser\u00e1 divulgado somente no final do procedimento.<\/p>\n<p>O militar dos bombeiros foi baleado na cabe\u00e7a, abd\u00f4men\u00a0e perna.<\/p>\n<p>Nenhum suspeito foi preso.<\/p>\n<p>LAURA HOLSBACK -correiodoestado<\/p>\n","protected":false},"excerpt":{"rendered":"<p>O atentado contra o soldado do Corpo de Bombeiros Fabr\u00edcio de Lima Teixeira, 26 anos, teria tido motivo passional, de acordo com o\u00a0delegado Edilson dos Santos, titular do Grupo Especializada de Roubo a Banco, Assaltos e Sequestros (Garras), acionado para auxiliar nas investiga\u00e7\u00f5es.\u00a0O rapaz foi atingido com cinco tiros na tarde de ontem (17), enquanto [&hellip;]<\/p>\n","protected":false},"author":4,"featured_media":8028,"comment_status":"closed","ping_status":"closed","sticky":false,"template":"","format":"standard","meta":{"footnotes":""},"categories":[38],"tags":[],"class_list":["post-8027","post","type-post","status-publish","format-standard","has-post-thumbnail","hentry","category-policia"],"_links":{"self":[{"href":"https:\/\/www.ocorreionews.com.br\/acervo-correio\/index.php?rest_route=\/wp\/v2\/posts\/8027","targetHints":{"allow":["GET"]}}],"collection":[{"href":"https:\/\/www.ocorreionews.com.br\/acervo-correio\/index.php?rest_route=\/wp\/v2\/posts"}],"about":[{"href":"https:\/\/www.ocorreionews.com.br\/acervo-correio\/index.php?rest_route=\/wp\/v2\/types\/post"}],"author":[{"embeddable":true,"href":"https:\/\/www.ocorreionews.com.br\/acervo-correio\/index.php?rest_route=\/wp\/v2\/users\/4"}],"replies":[{"embeddable":true,"href":"https:\/\/www.ocorreionews.com.br\/acervo-correio\/index.php?rest_route=%2Fwp%2Fv2%2Fcomments&post=8027"}],"version-history":[{"count":0,"href":"https:\/\/www.ocorreionews.com.br\/acervo-correio\/index.php?rest_route=\/wp\/v2\/posts\/8027\/revisions"}],"wp:featuredmedia":[{"embeddable":true,"href":"https:\/\/www.ocorreionews.com.br\/acervo-correio\/index.php?rest_route=\/wp\/v2\/media\/8028"}],"wp:attachment":[{"href":"https:\/\/www.ocorreionews.com.br\/acervo-correio\/index.php?rest_route=%2Fwp%2Fv2%2Fmedia&parent=8027"}],"wp:term":[{"taxonomy":"category","embeddable":true,"href":"https:\/\/www.ocorreionews.com.br\/acervo-correio\/index.php?rest_route=%2Fwp%2Fv2%2Fcategories&post=8027"},{"taxonomy":"post_tag","embeddable":true,"href":"https:\/\/www.ocorreionews.com.br\/acervo-correio\/index.php?rest_route=%2Fwp%2Fv2%2Ftags&post=8027"}],"curies":[{"name":"wp","href":"https:\/\/api.w.org\/{rel}","templated":true}]}}