{"id":8030,"date":"2015-08-18T14:15:35","date_gmt":"2015-08-18T18:15:35","guid":{"rendered":"https:\/\/ocorreionews.com.br\/?p=8030"},"modified":"2015-08-18T14:15:35","modified_gmt":"2015-08-18T18:15:35","slug":"preco-da-gasolina-sobe-com-reajuste-de-22-em-aliquota-do-icms","status":"publish","type":"post","link":"https:\/\/www.ocorreionews.com.br\/acervo-correio\/?p=8030","title":{"rendered":"Pre\u00e7o da gasolina sobe com reajuste de 2,2% em al\u00edquota do ICMS"},"content":{"rendered":"<div class=\"bloco_texto_span\">\n<p>O Confaz (Conselho Nacional de Pol\u00edtica Fazend\u00e1ria) publicou novos valores para o PMPF (Pre\u00e7o M\u00e9dio Ponderado ao Consumidor Final) de combust\u00edveis, nesta segunda-feira (17). Os dados s\u00e3o usados como refer\u00eancia para cobran\u00e7a do ICMS (Imposto sobre Circula\u00e7\u00e3o de Mercadorias e Servi\u00e7os). Hoje, h\u00e1 postos que j\u00e1 compraram os combust\u00edveis com reajuste das distribuidoras, que chega a R$ 0,10 para a gasolina.<\/p>\n<p>A al\u00edquota referente a gasolina \u00e9 de R$ 3,4051 na nova publica\u00e7\u00e3o. Isso representa alta de 2,26%, em rela\u00e7\u00e3o aos R$ 3,3298, validos na publica\u00e7\u00e3o de julho. Para o \u00e1lcool, o valor passou de R$ 2,2794 para R$ 2,3392. O aumento \u00e9 de 2,6%.<\/p>\n<p>&nbsp;<\/p>\n<\/div>\n<div class=\"bloco_texto_span\">\n<p><strong>Diesel<\/strong> \u2013 Com a nova tabela, o valor de refer\u00eancia do diesel ficou em R$ 2,9177. Na tabela divulgada em julho, o valor para o diesel era R$ 3,0470, o que representa redu\u00e7\u00e3o de 4,2%. J\u00e1 o valor do diesel S10, que antes era R$ 2,9310, est\u00e1 em R$ 3,0383. A alta \u00e9 de 3,6%.<\/p>\n<p>Embora a tend\u00eancia seja de alta nos pre\u00e7os\u00a0quando h\u00e1 reajuste na al\u00edquota do imposto, passados alguns dias os valores retrocedem nas bombas, segundo o presidente da Comiss\u00e3o T\u00e9cnica Permanente do ICMS, do Minist\u00e9rio da Fazenda, Marcelo Ramos de Mello.<\/p>\n<p>\u201cIsso tem certo impacto no pre\u00e7o ao consumidor, mas \u00e9 de dif\u00edcil fazer aferi\u00e7\u00e3o. Os vendedores reajustam, mas um pouco menos, pois o mercado est\u00e1 desacelerado. Quando a varia\u00e7\u00e3o na al\u00edquota \u00e9 maior, o pre\u00e7o final sobe, mas depois vai se ajustando para baixo\u201d, comenta. Caso a previs\u00e3o de oscila\u00e7\u00e3o nos pre\u00e7os se confirme, em Campo Grande, continuaria dif\u00edcil para o consumidor, pois o Procon (Superintend\u00eancia de Prote\u00e7\u00e3o e Defesa do Consumidor) j\u00e1 notificou 30 postos de combust\u00edveis pedindo a justificativa para eleva\u00e7\u00e3o repentina no pre\u00e7o da gasolina, na ultima semana. A contar do dia dez desde m\u00eas, os estabelecimentos t\u00eam dez dias para apresentar documentos que justifiquem os pre\u00e7os.<\/p>\n<\/div>\n<p>&nbsp;<\/p>\n<p><em><strong>Campo Grande News<\/strong><\/em><\/p>\n","protected":false},"excerpt":{"rendered":"<p>O Confaz (Conselho Nacional de Pol\u00edtica Fazend\u00e1ria) publicou novos valores para o PMPF (Pre\u00e7o M\u00e9dio Ponderado ao Consumidor Final) de combust\u00edveis, nesta segunda-feira (17). Os dados s\u00e3o usados como refer\u00eancia para cobran\u00e7a do ICMS (Imposto sobre Circula\u00e7\u00e3o de Mercadorias e Servi\u00e7os). Hoje, h\u00e1 postos que j\u00e1 compraram os combust\u00edveis com reajuste das distribuidoras, que chega [&hellip;]<\/p>\n","protected":false},"author":4,"featured_media":2359,"comment_status":"closed","ping_status":"closed","sticky":false,"template":"","format":"standard","meta":{"footnotes":""},"categories":[26],"tags":[],"class_list":["post-8030","post","type-post","status-publish","format-standard","has-post-thumbnail","hentry","category-economia"],"_links":{"self":[{"href":"https:\/\/www.ocorreionews.com.br\/acervo-correio\/index.php?rest_route=\/wp\/v2\/posts\/8030","targetHints":{"allow":["GET"]}}],"collection":[{"href":"https:\/\/www.ocorreionews.com.br\/acervo-correio\/index.php?rest_route=\/wp\/v2\/posts"}],"about":[{"href":"https:\/\/www.ocorreionews.com.br\/acervo-correio\/index.php?rest_route=\/wp\/v2\/types\/post"}],"author":[{"embeddable":true,"href":"https:\/\/www.ocorreionews.com.br\/acervo-correio\/index.php?rest_route=\/wp\/v2\/users\/4"}],"replies":[{"embeddable":true,"href":"https:\/\/www.ocorreionews.com.br\/acervo-correio\/index.php?rest_route=%2Fwp%2Fv2%2Fcomments&post=8030"}],"version-history":[{"count":0,"href":"https:\/\/www.ocorreionews.com.br\/acervo-correio\/index.php?rest_route=\/wp\/v2\/posts\/8030\/revisions"}],"wp:featuredmedia":[{"embeddable":true,"href":"https:\/\/www.ocorreionews.com.br\/acervo-correio\/index.php?rest_route=\/wp\/v2\/media\/2359"}],"wp:attachment":[{"href":"https:\/\/www.ocorreionews.com.br\/acervo-correio\/index.php?rest_route=%2Fwp%2Fv2%2Fmedia&parent=8030"}],"wp:term":[{"taxonomy":"category","embeddable":true,"href":"https:\/\/www.ocorreionews.com.br\/acervo-correio\/index.php?rest_route=%2Fwp%2Fv2%2Fcategories&post=8030"},{"taxonomy":"post_tag","embeddable":true,"href":"https:\/\/www.ocorreionews.com.br\/acervo-correio\/index.php?rest_route=%2Fwp%2Fv2%2Ftags&post=8030"}],"curies":[{"name":"wp","href":"https:\/\/api.w.org\/{rel}","templated":true}]}}