{"id":8032,"date":"2015-08-18T14:16:27","date_gmt":"2015-08-18T18:16:27","guid":{"rendered":"https:\/\/ocorreionews.com.br\/?p=8032"},"modified":"2015-08-18T14:16:27","modified_gmt":"2015-08-18T18:16:27","slug":"secretaria-municipal-de-saude-de-paraiso-das-aguas-vacina-120-criancas-no-dia-d-de-combate-a-polio","status":"publish","type":"post","link":"https:\/\/www.ocorreionews.com.br\/acervo-correio\/?p=8032","title":{"rendered":"Secretaria Municipal de Sa\u00fade de Para\u00edso das \u00c1guas vacina 120 crian\u00e7as no dia D de Combate a P\u00f3lio"},"content":{"rendered":"<p>No \u00faltimo s\u00e1bado, dia 15 de agosto, aconteceu em Para\u00edso das \u00c1guas o dia D de combate a Poliomielite. A campanha que acontece at\u00e9 o dia 31 de agosto, pretende imunizar 95% da popula\u00e7\u00e3o de seis meses a cinco anos incompletos ( quatro anos, onze meses e vinte e nove dias). A vacina protege a crian\u00e7a contra os tr\u00eas sorotipos do poliov\u00edrus 1, 2 e 3.<\/p>\n<p>De acordo com a Secretaria Municipal de Sa\u00fade de Para\u00edso das \u00c1guas, foram vacinadas 120 crian\u00e7as das 154 que est\u00e3o aptas a tomarem a vacina.<\/p>\n<p>Al\u00e9m da vacina\u00e7\u00e3o da p\u00f3lio, as unidades de sa\u00fade do munic\u00edpio tamb\u00e9m est\u00e3o atualizando as carteirinhas de vacina\u00e7\u00e3o para que diminua o risco de transmiss\u00e3o de doen\u00e7as que podem ser evitadas com a imuniza\u00e7\u00e3o.<\/p>\n<p>As unidades de Sa\u00fade da Fam\u00edlia do munic\u00edpio estar\u00e3o realizando a vacina\u00e7\u00e3o durante o hor\u00e1rio normal de atendimento: das 7h \u00e0s 11h e das 13h \u00e0s 17 h.<\/p>\n<p>&nbsp;<\/p>\n<p>&nbsp;<\/p>\n<p>ASSECOM \u2013 Prefeitura Municipal de Para\u00edso das \u00c1guas &#8211; MS<\/p>\n","protected":false},"excerpt":{"rendered":"<p>No \u00faltimo s\u00e1bado, dia 15 de agosto, aconteceu em Para\u00edso das \u00c1guas o dia D de combate a Poliomielite. A campanha que acontece at\u00e9 o dia 31 de agosto, pretende imunizar 95% da popula\u00e7\u00e3o de seis meses a cinco anos incompletos ( quatro anos, onze meses e vinte e nove dias). A vacina protege a [&hellip;]<\/p>\n","protected":false},"author":4,"featured_media":8033,"comment_status":"closed","ping_status":"closed","sticky":false,"template":"","format":"standard","meta":{"footnotes":""},"categories":[36],"tags":[],"class_list":["post-8032","post","type-post","status-publish","format-standard","has-post-thumbnail","hentry","category-paraiso-das-aguas"],"_links":{"self":[{"href":"https:\/\/www.ocorreionews.com.br\/acervo-correio\/index.php?rest_route=\/wp\/v2\/posts\/8032","targetHints":{"allow":["GET"]}}],"collection":[{"href":"https:\/\/www.ocorreionews.com.br\/acervo-correio\/index.php?rest_route=\/wp\/v2\/posts"}],"about":[{"href":"https:\/\/www.ocorreionews.com.br\/acervo-correio\/index.php?rest_route=\/wp\/v2\/types\/post"}],"author":[{"embeddable":true,"href":"https:\/\/www.ocorreionews.com.br\/acervo-correio\/index.php?rest_route=\/wp\/v2\/users\/4"}],"replies":[{"embeddable":true,"href":"https:\/\/www.ocorreionews.com.br\/acervo-correio\/index.php?rest_route=%2Fwp%2Fv2%2Fcomments&post=8032"}],"version-history":[{"count":0,"href":"https:\/\/www.ocorreionews.com.br\/acervo-correio\/index.php?rest_route=\/wp\/v2\/posts\/8032\/revisions"}],"wp:featuredmedia":[{"embeddable":true,"href":"https:\/\/www.ocorreionews.com.br\/acervo-correio\/index.php?rest_route=\/wp\/v2\/media\/8033"}],"wp:attachment":[{"href":"https:\/\/www.ocorreionews.com.br\/acervo-correio\/index.php?rest_route=%2Fwp%2Fv2%2Fmedia&parent=8032"}],"wp:term":[{"taxonomy":"category","embeddable":true,"href":"https:\/\/www.ocorreionews.com.br\/acervo-correio\/index.php?rest_route=%2Fwp%2Fv2%2Fcategories&post=8032"},{"taxonomy":"post_tag","embeddable":true,"href":"https:\/\/www.ocorreionews.com.br\/acervo-correio\/index.php?rest_route=%2Fwp%2Fv2%2Ftags&post=8032"}],"curies":[{"name":"wp","href":"https:\/\/api.w.org\/{rel}","templated":true}]}}