{"id":8035,"date":"2015-08-18T14:25:09","date_gmt":"2015-08-18T18:25:09","guid":{"rendered":"https:\/\/ocorreionews.com.br\/?p=8035"},"modified":"2015-08-18T14:25:09","modified_gmt":"2015-08-18T18:25:09","slug":"rede-feminina-busca-parceria-da-camara-municipal-para-construcao-de-sede-propria","status":"publish","type":"post","link":"https:\/\/www.ocorreionews.com.br\/acervo-correio\/?p=8035","title":{"rendered":"Rede feminina busca parceria da C\u00e2mara Municipal para constru\u00e7\u00e3o de sede pr\u00f3pria"},"content":{"rendered":"<p>Os vereadores de Chapad\u00e3o do Sul receberam na tarde de ontem (17) a diretoria da Rede Feminina de Combate ao C\u00e2ncer para uma reuni\u00e3o onde foi discutida a parceria para a constru\u00e7\u00e3o da sede pr\u00f3pria da entidade.<\/p>\n<p>&nbsp;<\/p>\n<p>Durante a reuni\u00e3o que contou tamb\u00e9m com a participa\u00e7\u00e3o da assessoria jur\u00eddica da c\u00e2mara, a diretoria da entidade comentou que em 2016 a Rede Feminina de Combate ao c\u00e2ncer completa 10 anos de exist\u00eancia, e que a inten\u00e7\u00e3o da diretoria \u00e9 que a sede esteja pronta at\u00e9 l\u00e1.<\/p>\n<p>&nbsp;<\/p>\n<p>Segundo Vera Suniga, Presidente da Entidade, uma parte do terreno j\u00e1 foi doado para a constru\u00e7\u00e3o, por\u00e9m o executivo j\u00e1 sinalizou a inten\u00e7\u00e3o de doar outra \u00e1rea no Bairro Planalto para a constru\u00e7\u00e3o da sede da entidade, em um local pr\u00f3ximo ao ESF Planalto e do Cras Planalto.<\/p>\n<p>&nbsp;<\/p>\n<p>Foi discutido tamb\u00e9m a possibilidade do legislativo efetuar a devolu\u00e7\u00e3o do duod\u00e9cimo da c\u00e2mara para que o executivo construa e ceda o\u00a0pr\u00e9dio em comodato. Segundo a Presidente S\u00f4nia Maran, h\u00e1 uma possibilidade muito grande de que essa devolu\u00e7\u00e3o aconte\u00e7a, mas para isso acontecer ser\u00e1 necess\u00e1rio que\u00a0o executivo fa\u00e7a sua parte.<\/p>\n<p>&nbsp;<\/p>\n<p>Al\u00e9m disso, segundo S\u00f4nia seria necess\u00e1rio uma conversa com o executivo para que o valor devolvido seja sim direcionado a obra, e de forma r\u00e1pida para que a entidade possa contar com sua sede o mais breve poss\u00edvel.<\/p>\n<p>&nbsp;<\/p>\n<p>A Presidente da Entidade ressaltou ainda da import\u00e2ncia da sede pr\u00f3pria, uma vez que v\u00e1rios pacientes da \u00e1rea rural que realizam tratamento oncol\u00f3gico em Barretos e Campo Grande utilizariam a sede para se alojar ap\u00f3s a chegada das viagens.<\/p>\n<p>&nbsp;<\/p>\n<p>Assessoria C\u00e2mara<\/p>\n<p>&nbsp;<\/p>\n","protected":false},"excerpt":{"rendered":"<p>Os vereadores de Chapad\u00e3o do Sul receberam na tarde de ontem (17) a diretoria da Rede Feminina de Combate ao C\u00e2ncer para uma reuni\u00e3o onde foi discutida a parceria para a constru\u00e7\u00e3o da sede pr\u00f3pria da entidade. &nbsp; Durante a reuni\u00e3o que contou tamb\u00e9m com a participa\u00e7\u00e3o da assessoria jur\u00eddica da c\u00e2mara, a diretoria da [&hellip;]<\/p>\n","protected":false},"author":4,"featured_media":8036,"comment_status":"closed","ping_status":"closed","sticky":false,"template":"","format":"standard","meta":{"footnotes":""},"categories":[20,23],"tags":[],"class_list":["post-8035","post","type-post","status-publish","format-standard","has-post-thumbnail","hentry","category-camara-municipal","category-chapadao-do-sul"],"_links":{"self":[{"href":"https:\/\/www.ocorreionews.com.br\/acervo-correio\/index.php?rest_route=\/wp\/v2\/posts\/8035","targetHints":{"allow":["GET"]}}],"collection":[{"href":"https:\/\/www.ocorreionews.com.br\/acervo-correio\/index.php?rest_route=\/wp\/v2\/posts"}],"about":[{"href":"https:\/\/www.ocorreionews.com.br\/acervo-correio\/index.php?rest_route=\/wp\/v2\/types\/post"}],"author":[{"embeddable":true,"href":"https:\/\/www.ocorreionews.com.br\/acervo-correio\/index.php?rest_route=\/wp\/v2\/users\/4"}],"replies":[{"embeddable":true,"href":"https:\/\/www.ocorreionews.com.br\/acervo-correio\/index.php?rest_route=%2Fwp%2Fv2%2Fcomments&post=8035"}],"version-history":[{"count":0,"href":"https:\/\/www.ocorreionews.com.br\/acervo-correio\/index.php?rest_route=\/wp\/v2\/posts\/8035\/revisions"}],"wp:featuredmedia":[{"embeddable":true,"href":"https:\/\/www.ocorreionews.com.br\/acervo-correio\/index.php?rest_route=\/wp\/v2\/media\/8036"}],"wp:attachment":[{"href":"https:\/\/www.ocorreionews.com.br\/acervo-correio\/index.php?rest_route=%2Fwp%2Fv2%2Fmedia&parent=8035"}],"wp:term":[{"taxonomy":"category","embeddable":true,"href":"https:\/\/www.ocorreionews.com.br\/acervo-correio\/index.php?rest_route=%2Fwp%2Fv2%2Fcategories&post=8035"},{"taxonomy":"post_tag","embeddable":true,"href":"https:\/\/www.ocorreionews.com.br\/acervo-correio\/index.php?rest_route=%2Fwp%2Fv2%2Ftags&post=8035"}],"curies":[{"name":"wp","href":"https:\/\/api.w.org\/{rel}","templated":true}]}}