{"id":8044,"date":"2015-08-19T09:09:19","date_gmt":"2015-08-19T13:09:19","guid":{"rendered":"https:\/\/ocorreionews.com.br\/?p=8044"},"modified":"2015-08-19T09:59:56","modified_gmt":"2015-08-19T13:59:56","slug":"8044","status":"publish","type":"post","link":"https:\/\/www.ocorreionews.com.br\/acervo-correio\/?p=8044","title":{"rendered":"Duas carretas pegam  na MT 100"},"content":{"rendered":"<div class=\"noticias_det_txt_just\" style=\"text-align: justify;\">\n<p>Ontem por volta das 16 horas , duas carretas tanque, carregadas de \u00f3leo diesel pegaram fogo na MT 100, pr\u00f3ximo ao Parque de Exposi\u00e7\u00f5es de Alto Araguaia \u2013 MT.<\/p>\n<p>Informa\u00e7\u00f5es d\u00e3o conta de que os caminh\u00f5es estavam parados na lateral da pista e ap\u00f3s um procedimento errado os ve\u00edculos come\u00e7aram a pegar fogo, que acabou se alastrando rapidamente.<\/p>\n<p>Um dos motoristas sofreu queimaduras no bra\u00e7o e no rosto, mas aparentemente nada grave. Mesmo assim foi encaminhado ao Hospital Municipal.<\/p>\n<p>O tr\u00e2nsito na rodovia ficou parado nos dois sentidos por cerca de duas horas e o congestionamento chegou a v\u00e1rios quil\u00f4metros.<\/p>\n<p>O fogo s\u00f3 se abrandou quando os dois caminh\u00f5es se queimaram totalmente, ficando completamente destru\u00eddos.<\/p>\n<\/div>\n<div class=\"noticias_det_txt_just\" style=\"text-align: justify;\"><a href=\"https:\/\/ocorreionews.com.br\/wp-content\/uploads\/2015\/08\/Fogo16.jpg\"><img loading=\"lazy\" decoding=\"async\" class=\"alignnone size-full wp-image-8046\" src=\"https:\/\/ocorreionews.com.br\/wp-content\/uploads\/2015\/08\/Fogo16.jpg\" alt=\"Fogo16\" width=\"750\" height=\"562\" srcset=\"https:\/\/www.ocorreionews.com.br\/acervo-correio\/wp-content\/uploads\/2015\/08\/Fogo16.jpg 750w, https:\/\/www.ocorreionews.com.br\/acervo-correio\/wp-content\/uploads\/2015\/08\/Fogo16-300x225.jpg 300w, https:\/\/www.ocorreionews.com.br\/acervo-correio\/wp-content\/uploads\/2015\/08\/Fogo16-100x75.jpg 100w\" sizes=\"auto, (max-width: 750px) 100vw, 750px\" \/><\/a><br \/>\nInforma\u00e7\u00f5es ainda n\u00e3o confirmadas foram passadas para a pol\u00edcia de que um dos caminh\u00f5es estava com defeito e a carga estava sendo transbordada.Muitas pessoas foram at\u00e9 o local para observar o fato, e mesmo se tratando de \u00f3leo diesel, o risco de haver uma explos\u00e3o era muito grande. Um exemplo foi quando um dos pneus estourou, um peda\u00e7o da roda foi lan\u00e7ado h\u00e1 cerca de 50 metros caindo dentro do quintal de uma resid\u00eancia. Felizmente ningu\u00e9m foi atingido.<\/p>\n<\/div>\n<div class=\"noticias_det_txt_just\" style=\"text-align: justify;\">\n<p><a href=\"https:\/\/ocorreionews.com.br\/wp-content\/uploads\/2015\/08\/Fogo19.jpg\"><img loading=\"lazy\" decoding=\"async\" class=\"alignnone size-full wp-image-8047\" src=\"https:\/\/ocorreionews.com.br\/wp-content\/uploads\/2015\/08\/Fogo19.jpg\" alt=\"Fogo19\" width=\"750\" height=\"562\" srcset=\"https:\/\/www.ocorreionews.com.br\/acervo-correio\/wp-content\/uploads\/2015\/08\/Fogo19.jpg 750w, https:\/\/www.ocorreionews.com.br\/acervo-correio\/wp-content\/uploads\/2015\/08\/Fogo19-300x225.jpg 300w, https:\/\/www.ocorreionews.com.br\/acervo-correio\/wp-content\/uploads\/2015\/08\/Fogo19-100x75.jpg 100w\" sizes=\"auto, (max-width: 750px) 100vw, 750px\" \/><\/a><\/p>\n<p>A Pol\u00edcia Militar esteve no local e controlou o tr\u00e2nsito.<\/p>\n<\/div>\n<div class=\"noticias_det_txt_just\" style=\"text-align: justify;\">S\u00e9rgiolopesnews<\/div>\n<p style=\"text-align: justify;\">\n","protected":false},"excerpt":{"rendered":"<p>Ontem por volta das 16 horas , duas carretas tanque, carregadas de \u00f3leo diesel pegaram fogo na MT 100, pr\u00f3ximo ao Parque de Exposi\u00e7\u00f5es de Alto Araguaia \u2013 MT. Informa\u00e7\u00f5es d\u00e3o conta de que os caminh\u00f5es estavam parados na lateral da pista e ap\u00f3s um procedimento errado os ve\u00edculos come\u00e7aram a pegar fogo, que acabou [&hellip;]<\/p>\n","protected":false},"author":4,"featured_media":8045,"comment_status":"closed","ping_status":"closed","sticky":false,"template":"","format":"standard","meta":{"footnotes":""},"categories":[38],"tags":[],"class_list":["post-8044","post","type-post","status-publish","format-standard","has-post-thumbnail","hentry","category-policia"],"_links":{"self":[{"href":"https:\/\/www.ocorreionews.com.br\/acervo-correio\/index.php?rest_route=\/wp\/v2\/posts\/8044","targetHints":{"allow":["GET"]}}],"collection":[{"href":"https:\/\/www.ocorreionews.com.br\/acervo-correio\/index.php?rest_route=\/wp\/v2\/posts"}],"about":[{"href":"https:\/\/www.ocorreionews.com.br\/acervo-correio\/index.php?rest_route=\/wp\/v2\/types\/post"}],"author":[{"embeddable":true,"href":"https:\/\/www.ocorreionews.com.br\/acervo-correio\/index.php?rest_route=\/wp\/v2\/users\/4"}],"replies":[{"embeddable":true,"href":"https:\/\/www.ocorreionews.com.br\/acervo-correio\/index.php?rest_route=%2Fwp%2Fv2%2Fcomments&post=8044"}],"version-history":[{"count":0,"href":"https:\/\/www.ocorreionews.com.br\/acervo-correio\/index.php?rest_route=\/wp\/v2\/posts\/8044\/revisions"}],"wp:featuredmedia":[{"embeddable":true,"href":"https:\/\/www.ocorreionews.com.br\/acervo-correio\/index.php?rest_route=\/wp\/v2\/media\/8045"}],"wp:attachment":[{"href":"https:\/\/www.ocorreionews.com.br\/acervo-correio\/index.php?rest_route=%2Fwp%2Fv2%2Fmedia&parent=8044"}],"wp:term":[{"taxonomy":"category","embeddable":true,"href":"https:\/\/www.ocorreionews.com.br\/acervo-correio\/index.php?rest_route=%2Fwp%2Fv2%2Fcategories&post=8044"},{"taxonomy":"post_tag","embeddable":true,"href":"https:\/\/www.ocorreionews.com.br\/acervo-correio\/index.php?rest_route=%2Fwp%2Fv2%2Ftags&post=8044"}],"curies":[{"name":"wp","href":"https:\/\/api.w.org\/{rel}","templated":true}]}}