{"id":8051,"date":"2015-08-19T09:27:39","date_gmt":"2015-08-19T13:27:39","guid":{"rendered":"https:\/\/ocorreionews.com.br\/?p=8051"},"modified":"2015-09-04T06:16:33","modified_gmt":"2015-09-04T10:16:33","slug":"festa-dos-ranchos-dos-amigos-com-thiago-brava-anitta-e-chystian-e-ralf","status":"publish","type":"post","link":"https:\/\/www.ocorreionews.com.br\/acervo-correio\/?p=8051","title":{"rendered":"Festa dos Ranchos dos Amigos com Thiago Brava, Anitta e Chystian e Ralf"},"content":{"rendered":"<p style=\"text-align: justify;\"><strong>Come\u00e7a no pr\u00f3ximo dia 03 na cidade de Costa Rica, a 8\u00aa Festa de Rodeio dos Rancho dos Amigos. <\/strong><\/p>\n<p style=\"text-align: justify;\"><strong>Os organizadores do evento, centraram artista renomados para abrilhantar os shows.<\/strong><\/p>\n<p style=\"text-align: justify;\"><strong>A abertura dos shows, no dia 03 de setembro, ser\u00e1 com a dupla Pedro &amp; Evandro.<\/strong><\/p>\n<p style=\"text-align: justify;\"><strong>No dia 04, ser\u00e1 a vez da dupla mais afinada do Brasil, Chystian e Ralf.<\/strong><\/p>\n<p style=\"text-align: justify;\"><strong>No dia 05, a nova revela\u00e7\u00e3o da m\u00fasica sertaneja, Thiago Brava, animara o p\u00fablico.<\/strong><\/p>\n<p style=\"text-align: justify;\"><strong>No dia 06, encerrando a festa, a cantora pop Anitta, vai agitar a galera do Rancho dos Amigos. <\/strong><\/p>\n<p style=\"text-align: justify;\"><strong> A festa ser\u00e1 realizada no Centro de Eventos Ramez Tebet e todas as noites haver\u00e1 rodeio em touros.<\/strong><\/p>\n","protected":false},"excerpt":{"rendered":"<p>Come\u00e7a no pr\u00f3ximo dia 03 na cidade de Costa Rica, a 8\u00aa Festa de Rodeio dos Rancho dos Amigos. Os organizadores do evento, centraram artista renomados para abrilhantar os shows. A abertura dos shows, no dia 03 de setembro, ser\u00e1 com a dupla Pedro &amp; Evandro. No dia 04, ser\u00e1 a vez da dupla mais [&hellip;]<\/p>\n","protected":false},"author":4,"featured_media":8052,"comment_status":"closed","ping_status":"closed","sticky":false,"template":"","format":"standard","meta":{"footnotes":""},"categories":[25],"tags":[],"class_list":["post-8051","post","type-post","status-publish","format-standard","has-post-thumbnail","hentry","category-costa-rica"],"_links":{"self":[{"href":"https:\/\/www.ocorreionews.com.br\/acervo-correio\/index.php?rest_route=\/wp\/v2\/posts\/8051","targetHints":{"allow":["GET"]}}],"collection":[{"href":"https:\/\/www.ocorreionews.com.br\/acervo-correio\/index.php?rest_route=\/wp\/v2\/posts"}],"about":[{"href":"https:\/\/www.ocorreionews.com.br\/acervo-correio\/index.php?rest_route=\/wp\/v2\/types\/post"}],"author":[{"embeddable":true,"href":"https:\/\/www.ocorreionews.com.br\/acervo-correio\/index.php?rest_route=\/wp\/v2\/users\/4"}],"replies":[{"embeddable":true,"href":"https:\/\/www.ocorreionews.com.br\/acervo-correio\/index.php?rest_route=%2Fwp%2Fv2%2Fcomments&post=8051"}],"version-history":[{"count":0,"href":"https:\/\/www.ocorreionews.com.br\/acervo-correio\/index.php?rest_route=\/wp\/v2\/posts\/8051\/revisions"}],"wp:featuredmedia":[{"embeddable":true,"href":"https:\/\/www.ocorreionews.com.br\/acervo-correio\/index.php?rest_route=\/wp\/v2\/media\/8052"}],"wp:attachment":[{"href":"https:\/\/www.ocorreionews.com.br\/acervo-correio\/index.php?rest_route=%2Fwp%2Fv2%2Fmedia&parent=8051"}],"wp:term":[{"taxonomy":"category","embeddable":true,"href":"https:\/\/www.ocorreionews.com.br\/acervo-correio\/index.php?rest_route=%2Fwp%2Fv2%2Fcategories&post=8051"},{"taxonomy":"post_tag","embeddable":true,"href":"https:\/\/www.ocorreionews.com.br\/acervo-correio\/index.php?rest_route=%2Fwp%2Fv2%2Ftags&post=8051"}],"curies":[{"name":"wp","href":"https:\/\/api.w.org\/{rel}","templated":true}]}}