{"id":8055,"date":"2015-08-19T08:42:17","date_gmt":"2015-08-19T12:42:17","guid":{"rendered":"https:\/\/ocorreionews.com.br\/?p=8055"},"modified":"2015-08-19T09:44:40","modified_gmt":"2015-08-19T13:44:40","slug":"noite-cultural-nesta-quarta-feira-nas-festividades-dos-33-anos-de-chapadao-do-ceu","status":"publish","type":"post","link":"https:\/\/www.ocorreionews.com.br\/acervo-correio\/?p=8055","title":{"rendered":"Noite Cultural nesta quarta-feira nas festividades dos 33 anos de Chapad\u00e3o do C\u00e9u"},"content":{"rendered":"<p>Prossegue hoje \u00e0 noite as comemora\u00e7\u00f5es dos 33 anos da cidade de Chapad\u00e3o do C\u00e9u.<\/p>\n<p>A programa\u00e7\u00e3o desta quarta-feira \u00e9 direcionada a Cultura. As 19hs30 minutos, haver\u00e1 a apresenta\u00e7\u00e3o das Invernadas Art\u00edsticas do CTG da cidade de Chapad\u00e3o do Sul.<\/p>\n<p>Ap\u00f3s a apresenta\u00e7\u00e3o do CTG, apresenta\u00e7\u00e3o da Orquestra de Violeiros da cidade de Jatai.<\/p>\n<p>Na sequ\u00eancia apresenta\u00e7\u00f5es dos artistas prata da casa e encerra a noite com a dupla Victor e Lucas.<\/p>\n<figure style=\"width: 685px\" class=\"wp-caption alignnone\"><img loading=\"lazy\" decoding=\"async\" src=\"http:\/\/www.chapadaodoceu.go.gov.br\/images\/_upload\/20150819103920_0c3be7fda040510833da3aace41b6e34.jpg\" alt=\"\" width=\"685\" height=\"560\" \/><figcaption class=\"wp-caption-text\">Orquestra de violeiros de Jatai<\/figcaption><\/figure>\n","protected":false},"excerpt":{"rendered":"<p>Prossegue hoje \u00e0 noite as comemora\u00e7\u00f5es dos 33 anos da cidade de Chapad\u00e3o do C\u00e9u. A programa\u00e7\u00e3o desta quarta-feira \u00e9 direcionada a Cultura. As 19hs30 minutos, haver\u00e1 a apresenta\u00e7\u00e3o das Invernadas Art\u00edsticas do CTG da cidade de Chapad\u00e3o do Sul. Ap\u00f3s a apresenta\u00e7\u00e3o do CTG, apresenta\u00e7\u00e3o da Orquestra de Violeiros da cidade de Jatai. Na [&hellip;]<\/p>\n","protected":false},"author":4,"featured_media":8058,"comment_status":"closed","ping_status":"closed","sticky":false,"template":"","format":"standard","meta":{"footnotes":""},"categories":[22],"tags":[],"class_list":["post-8055","post","type-post","status-publish","format-standard","has-post-thumbnail","hentry","category-chapadao-do-ceu"],"_links":{"self":[{"href":"https:\/\/www.ocorreionews.com.br\/acervo-correio\/index.php?rest_route=\/wp\/v2\/posts\/8055","targetHints":{"allow":["GET"]}}],"collection":[{"href":"https:\/\/www.ocorreionews.com.br\/acervo-correio\/index.php?rest_route=\/wp\/v2\/posts"}],"about":[{"href":"https:\/\/www.ocorreionews.com.br\/acervo-correio\/index.php?rest_route=\/wp\/v2\/types\/post"}],"author":[{"embeddable":true,"href":"https:\/\/www.ocorreionews.com.br\/acervo-correio\/index.php?rest_route=\/wp\/v2\/users\/4"}],"replies":[{"embeddable":true,"href":"https:\/\/www.ocorreionews.com.br\/acervo-correio\/index.php?rest_route=%2Fwp%2Fv2%2Fcomments&post=8055"}],"version-history":[{"count":0,"href":"https:\/\/www.ocorreionews.com.br\/acervo-correio\/index.php?rest_route=\/wp\/v2\/posts\/8055\/revisions"}],"wp:featuredmedia":[{"embeddable":true,"href":"https:\/\/www.ocorreionews.com.br\/acervo-correio\/index.php?rest_route=\/wp\/v2\/media\/8058"}],"wp:attachment":[{"href":"https:\/\/www.ocorreionews.com.br\/acervo-correio\/index.php?rest_route=%2Fwp%2Fv2%2Fmedia&parent=8055"}],"wp:term":[{"taxonomy":"category","embeddable":true,"href":"https:\/\/www.ocorreionews.com.br\/acervo-correio\/index.php?rest_route=%2Fwp%2Fv2%2Fcategories&post=8055"},{"taxonomy":"post_tag","embeddable":true,"href":"https:\/\/www.ocorreionews.com.br\/acervo-correio\/index.php?rest_route=%2Fwp%2Fv2%2Ftags&post=8055"}],"curies":[{"name":"wp","href":"https:\/\/api.w.org\/{rel}","templated":true}]}}