{"id":8061,"date":"2015-08-19T10:25:48","date_gmt":"2015-08-19T14:25:48","guid":{"rendered":"https:\/\/ocorreionews.com.br\/?p=8061"},"modified":"2015-08-19T10:28:29","modified_gmt":"2015-08-19T14:28:29","slug":"revendas-de-agrotoxicos-terao-que-mudar-para-fora-dos-limites-da-cidade","status":"publish","type":"post","link":"https:\/\/www.ocorreionews.com.br\/acervo-correio\/?p=8061","title":{"rendered":"Revendas de Agrot\u00f3xicos ter\u00e3o que mudar para fora dos limites da cidade"},"content":{"rendered":"<p style=\"text-align: justify;\">Projeto de Lei n\u00ba 119\/2015 de autoria do Poder Executivo, determina que as empresas revendedoras de revendas de agrot\u00f3xicos, ter\u00e3o que adquirir \u00e1reas foras dos limites do per\u00edmetro urbano da cidade, para armazenar os produtos.<\/p>\n<p style=\"text-align: justify;\">Os empres\u00e1rios do ramo, ter\u00e3o agora um prazo de tr\u00eas anos para se adaptarem e armazenar os produtos fora dos limites da cidade.<\/p>\n<p style=\"text-align: justify;\">Projeto de Lei n\u00ba 11 que disp\u00f5e sobre a aplica\u00e7\u00e3o, o com\u00e9rcio, o armazenamento, o dep\u00f3sito e a fiscaliza\u00e7\u00e3o de agrot\u00f3xicos, seus componentes e afins, nos limites territoriais do munic\u00edpio, foi aprovado na noite da \u00faltima segunda-feira e ouve muita revolta por parte dos empres\u00e1rios, que afirmaram a nossa reportagem, que o presidente da comiss\u00e3o de meio ambiente, Abel Lemes e Ilton Henrichsen , que organizaram a audi\u00eancia p\u00fablica, n\u00e3o foi tratado esse assunto do prazo, na audi\u00eancia, do tr\u00eas anos para eles mudarem da cidade.<\/p>\n<p style=\"text-align: justify;\">Alegam os empres\u00e1rios, que houve m\u00e1 f\u00e9 dos vereadores, da Comiss\u00e3o do Meio Ambiente, em colocar essa emenda no projeto de lei, sem consulta-los e ouvir as suas opini\u00f5es e sugest\u00f5es.<\/p>\n<p style=\"text-align: justify;\">Segundo eles, os vereadores autores da emenda, n\u00e3o pensaram nas consequ\u00eancias que podem acarretar com coloca\u00e7\u00e3o dos produtos fora da cidade, que hoje est\u00e3o na mira dos assaltantes, pelo alto valor dos produtos e que vai com certeza aumentar os roubos no munic\u00edpio, pelo fato que eles v\u00e3o encontrar no local menos seguran\u00e7a e facilidade para fuga ou render seguran\u00e7as.<\/p>\n<p style=\"text-align: justify;\">Um empres\u00e1rio do estado de Goi\u00e1s, que veio para munic\u00edpio, adquiriu terreno e est\u00e1 em fase inicial da constru\u00e7\u00e3o de um pr\u00e9dio, nos altos da avenida Dois, para a instala\u00e7\u00e3o da sua empresa, afirmou que foi pego de surpresa e ficou invi\u00e1vel a sua vinda para o munic\u00edpio.<\/p>\n<p style=\"text-align: justify;\">Mais uma vez, o munic\u00edpio de Chapad\u00e3o do Sul \u00e9 penalizado por atos impens\u00e1veis e decis\u00f5es tomadas de forma precipitadas e sem ouvir partes interessadas.<\/p>\n","protected":false},"excerpt":{"rendered":"<p>Projeto de Lei n\u00ba 119\/2015 de autoria do Poder Executivo, determina que as empresas revendedoras de revendas de agrot\u00f3xicos, ter\u00e3o que adquirir \u00e1reas foras dos limites do per\u00edmetro urbano da cidade, para armazenar os produtos. Os empres\u00e1rios do ramo, ter\u00e3o agora um prazo de tr\u00eas anos para se adaptarem e armazenar os produtos fora dos [&hellip;]<\/p>\n","protected":false},"author":4,"featured_media":8062,"comment_status":"closed","ping_status":"closed","sticky":false,"template":"","format":"standard","meta":{"footnotes":""},"categories":[17,23],"tags":[],"class_list":["post-8061","post","type-post","status-publish","format-standard","has-post-thumbnail","hentry","category-agropecuaria","category-chapadao-do-sul"],"_links":{"self":[{"href":"https:\/\/www.ocorreionews.com.br\/acervo-correio\/index.php?rest_route=\/wp\/v2\/posts\/8061","targetHints":{"allow":["GET"]}}],"collection":[{"href":"https:\/\/www.ocorreionews.com.br\/acervo-correio\/index.php?rest_route=\/wp\/v2\/posts"}],"about":[{"href":"https:\/\/www.ocorreionews.com.br\/acervo-correio\/index.php?rest_route=\/wp\/v2\/types\/post"}],"author":[{"embeddable":true,"href":"https:\/\/www.ocorreionews.com.br\/acervo-correio\/index.php?rest_route=\/wp\/v2\/users\/4"}],"replies":[{"embeddable":true,"href":"https:\/\/www.ocorreionews.com.br\/acervo-correio\/index.php?rest_route=%2Fwp%2Fv2%2Fcomments&post=8061"}],"version-history":[{"count":0,"href":"https:\/\/www.ocorreionews.com.br\/acervo-correio\/index.php?rest_route=\/wp\/v2\/posts\/8061\/revisions"}],"wp:featuredmedia":[{"embeddable":true,"href":"https:\/\/www.ocorreionews.com.br\/acervo-correio\/index.php?rest_route=\/wp\/v2\/media\/8062"}],"wp:attachment":[{"href":"https:\/\/www.ocorreionews.com.br\/acervo-correio\/index.php?rest_route=%2Fwp%2Fv2%2Fmedia&parent=8061"}],"wp:term":[{"taxonomy":"category","embeddable":true,"href":"https:\/\/www.ocorreionews.com.br\/acervo-correio\/index.php?rest_route=%2Fwp%2Fv2%2Fcategories&post=8061"},{"taxonomy":"post_tag","embeddable":true,"href":"https:\/\/www.ocorreionews.com.br\/acervo-correio\/index.php?rest_route=%2Fwp%2Fv2%2Ftags&post=8061"}],"curies":[{"name":"wp","href":"https:\/\/api.w.org\/{rel}","templated":true}]}}