{"id":8105,"date":"2015-08-20T10:04:01","date_gmt":"2015-08-20T14:04:01","guid":{"rendered":"https:\/\/ocorreionews.com.br\/?p=8105"},"modified":"2015-08-20T10:04:01","modified_gmt":"2015-08-20T14:04:01","slug":"prefeito-de-paraiso-das-aguas-faz-a-entrega-de-kits-de-saude-bucal-nas-escolas","status":"publish","type":"post","link":"https:\/\/www.ocorreionews.com.br\/acervo-correio\/?p=8105","title":{"rendered":"Prefeito de Para\u00edso das \u00c1guas faz a entrega de Kits de Sa\u00fade Bucal nas escolas"},"content":{"rendered":"<p>A Prefeitura Municipal de Para\u00edso das \u00c1guas atrav\u00e9s da Secretaria Municipal de Sa\u00fade fez a entrega de kits de sa\u00fade bucal, contendo creme dental e escova de dente a todos os alunos do munic\u00edpio.<\/p>\n<p>\u201cO principal objetivo dos kits \u00e9 refor\u00e7ar a import\u00e2ncia da escova\u00e7\u00e3o e dos bons h\u00e1bitos bucais\u201d, mencionou a dentista Anelise Molinari.<\/p>\n<p>Uma vez por semana os alunos do 1\u00ba ao 9\u00ba ano do ensino fundamental recebem o fl\u00faor, que tem como finalidade a preven\u00e7\u00e3o de c\u00e1ries.<\/p>\n<p>A entrega dos kits de sa\u00fade bucal acontece anualmente no munic\u00edpio de Para\u00edso das \u00c1guas.<\/p>\n<p>&nbsp;<\/p>\n<p><a href=\"https:\/\/ocorreionews.com.br\/wp-content\/uploads\/2015\/08\/entrega-kit-bocal.jpg\"><img loading=\"lazy\" decoding=\"async\" class=\"alignnone size-full wp-image-8106\" src=\"https:\/\/ocorreionews.com.br\/wp-content\/uploads\/2015\/08\/entrega-kit-bocal.jpg\" alt=\"entrega kit bocal\" width=\"604\" height=\"400\" srcset=\"https:\/\/www.ocorreionews.com.br\/acervo-correio\/wp-content\/uploads\/2015\/08\/entrega-kit-bocal.jpg 604w, https:\/\/www.ocorreionews.com.br\/acervo-correio\/wp-content\/uploads\/2015\/08\/entrega-kit-bocal-300x199.jpg 300w\" sizes=\"auto, (max-width: 604px) 100vw, 604px\" \/><\/a><\/p>\n<p>Fonte: Assecom PMPA<\/p>\n","protected":false},"excerpt":{"rendered":"<p>A Prefeitura Municipal de Para\u00edso das \u00c1guas atrav\u00e9s da Secretaria Municipal de Sa\u00fade fez a entrega de kits de sa\u00fade bucal, contendo creme dental e escova de dente a todos os alunos do munic\u00edpio. \u201cO principal objetivo dos kits \u00e9 refor\u00e7ar a import\u00e2ncia da escova\u00e7\u00e3o e dos bons h\u00e1bitos bucais\u201d, mencionou a dentista Anelise Molinari. [&hellip;]<\/p>\n","protected":false},"author":4,"featured_media":8106,"comment_status":"closed","ping_status":"closed","sticky":false,"template":"","format":"standard","meta":{"footnotes":""},"categories":[36],"tags":[],"class_list":["post-8105","post","type-post","status-publish","format-standard","has-post-thumbnail","hentry","category-paraiso-das-aguas"],"_links":{"self":[{"href":"https:\/\/www.ocorreionews.com.br\/acervo-correio\/index.php?rest_route=\/wp\/v2\/posts\/8105","targetHints":{"allow":["GET"]}}],"collection":[{"href":"https:\/\/www.ocorreionews.com.br\/acervo-correio\/index.php?rest_route=\/wp\/v2\/posts"}],"about":[{"href":"https:\/\/www.ocorreionews.com.br\/acervo-correio\/index.php?rest_route=\/wp\/v2\/types\/post"}],"author":[{"embeddable":true,"href":"https:\/\/www.ocorreionews.com.br\/acervo-correio\/index.php?rest_route=\/wp\/v2\/users\/4"}],"replies":[{"embeddable":true,"href":"https:\/\/www.ocorreionews.com.br\/acervo-correio\/index.php?rest_route=%2Fwp%2Fv2%2Fcomments&post=8105"}],"version-history":[{"count":0,"href":"https:\/\/www.ocorreionews.com.br\/acervo-correio\/index.php?rest_route=\/wp\/v2\/posts\/8105\/revisions"}],"wp:featuredmedia":[{"embeddable":true,"href":"https:\/\/www.ocorreionews.com.br\/acervo-correio\/index.php?rest_route=\/wp\/v2\/media\/8106"}],"wp:attachment":[{"href":"https:\/\/www.ocorreionews.com.br\/acervo-correio\/index.php?rest_route=%2Fwp%2Fv2%2Fmedia&parent=8105"}],"wp:term":[{"taxonomy":"category","embeddable":true,"href":"https:\/\/www.ocorreionews.com.br\/acervo-correio\/index.php?rest_route=%2Fwp%2Fv2%2Fcategories&post=8105"},{"taxonomy":"post_tag","embeddable":true,"href":"https:\/\/www.ocorreionews.com.br\/acervo-correio\/index.php?rest_route=%2Fwp%2Fv2%2Ftags&post=8105"}],"curies":[{"name":"wp","href":"https:\/\/api.w.org\/{rel}","templated":true}]}}