{"id":8241,"date":"2015-08-21T15:11:37","date_gmt":"2015-08-21T19:11:37","guid":{"rendered":"https:\/\/ocorreionews.com.br\/?p=8241"},"modified":"2015-08-21T15:11:37","modified_gmt":"2015-08-21T19:11:37","slug":"carreta-carregada-com-algodao-fica-destruida-pelo-fogo","status":"publish","type":"post","link":"https:\/\/www.ocorreionews.com.br\/acervo-correio\/?p=8241","title":{"rendered":"Carreta carregada com algod\u00e3o fica destru\u00edda pelo fogo"},"content":{"rendered":"<p>No in\u00edcio da tarde desta sexta-feira (21), uma carreta carregada cor carga de pluma de algod\u00e3o pegou fogo na rodovia BR-267, na altura do KM-97.<\/p>\n<p>Segundo o site Da Hora Bataguassu, o fogo tomou conta da carreta, que seguia no sentido Nova Casa Verde a Bataguassu.<\/p>\n<p>De acordo com a reportagem, n\u00e3o se sabe porque o fogo come\u00e7ou, mas as chamas tomaram toda a carga e tamb\u00e9m o cavalo mec\u00e2nico, que ficou totalmente destru\u00eddo. N\u00e3o h\u00e1 informa\u00e7\u00f5es sobre feridos.<\/p>\n<p>O Corpo de Bombeiros de Bataguassu combateu as chamas. O Fogo tamb\u00e9m se alastrou tomando conta da vegeta\u00e7\u00e3o as margens da rodovia, equipes da Pol\u00edcia Rodovi\u00e1ria Federal est\u00e3o no local sinalizando o tr\u00e2nsito.<\/p>\n<p>&nbsp;<\/p>\n<p>&nbsp;<\/p>\n<p>&nbsp;<\/p>\n<p>Da Hora Bataguassu<\/p>\n","protected":false},"excerpt":{"rendered":"<p>No in\u00edcio da tarde desta sexta-feira (21), uma carreta carregada cor carga de pluma de algod\u00e3o pegou fogo na rodovia BR-267, na altura do KM-97. Segundo o site Da Hora Bataguassu, o fogo tomou conta da carreta, que seguia no sentido Nova Casa Verde a Bataguassu. De acordo com a reportagem, n\u00e3o se sabe porque [&hellip;]<\/p>\n","protected":false},"author":4,"featured_media":8242,"comment_status":"closed","ping_status":"closed","sticky":false,"template":"","format":"standard","meta":{"footnotes":""},"categories":[38],"tags":[],"class_list":["post-8241","post","type-post","status-publish","format-standard","has-post-thumbnail","hentry","category-policia"],"_links":{"self":[{"href":"https:\/\/www.ocorreionews.com.br\/acervo-correio\/index.php?rest_route=\/wp\/v2\/posts\/8241","targetHints":{"allow":["GET"]}}],"collection":[{"href":"https:\/\/www.ocorreionews.com.br\/acervo-correio\/index.php?rest_route=\/wp\/v2\/posts"}],"about":[{"href":"https:\/\/www.ocorreionews.com.br\/acervo-correio\/index.php?rest_route=\/wp\/v2\/types\/post"}],"author":[{"embeddable":true,"href":"https:\/\/www.ocorreionews.com.br\/acervo-correio\/index.php?rest_route=\/wp\/v2\/users\/4"}],"replies":[{"embeddable":true,"href":"https:\/\/www.ocorreionews.com.br\/acervo-correio\/index.php?rest_route=%2Fwp%2Fv2%2Fcomments&post=8241"}],"version-history":[{"count":0,"href":"https:\/\/www.ocorreionews.com.br\/acervo-correio\/index.php?rest_route=\/wp\/v2\/posts\/8241\/revisions"}],"wp:featuredmedia":[{"embeddable":true,"href":"https:\/\/www.ocorreionews.com.br\/acervo-correio\/index.php?rest_route=\/wp\/v2\/media\/8242"}],"wp:attachment":[{"href":"https:\/\/www.ocorreionews.com.br\/acervo-correio\/index.php?rest_route=%2Fwp%2Fv2%2Fmedia&parent=8241"}],"wp:term":[{"taxonomy":"category","embeddable":true,"href":"https:\/\/www.ocorreionews.com.br\/acervo-correio\/index.php?rest_route=%2Fwp%2Fv2%2Fcategories&post=8241"},{"taxonomy":"post_tag","embeddable":true,"href":"https:\/\/www.ocorreionews.com.br\/acervo-correio\/index.php?rest_route=%2Fwp%2Fv2%2Ftags&post=8241"}],"curies":[{"name":"wp","href":"https:\/\/api.w.org\/{rel}","templated":true}]}}